{"id":229644,"date":"2026-01-15T08:26:07","date_gmt":"2026-01-15T08:26:07","guid":{"rendered":"https:\/\/www.europesays.com\/pt\/229644\/"},"modified":"2026-01-15T08:26:07","modified_gmt":"2026-01-15T08:26:07","slug":"rs-estudantes-criam-tecnologia-que-detecta-cancer-de-pele-15-01-2026-equilibrio-e-saude","status":"publish","type":"post","link":"https:\/\/www.europesays.com\/pt\/229644\/","title":{"rendered":"RS: Estudantes criam tecnologia que detecta c\u00e2ncer de pele &#8211; 15\/01\/2026 &#8211; Equil\u00edbrio e Sa\u00fade"},"content":{"rendered":"<p>Dois adolescentes de 17 anos, estudantes de uma escola de <a href=\"https:\/\/www1.folha.uol.com.br\/folha-topicos\/porto-alegre\/\" rel=\"nofollow noopener\" target=\"_blank\">Porto Alegre<\/a>, desenvolveram um dispositivo port\u00e1til que utiliza uma base de dados de sinais de pele para identificar poss\u00edveis ind\u00edcios de melanoma e outros <a href=\"https:\/\/www1.folha.uol.com.br\/equilibrio\/2024\/04\/entenda-como-reconhecer-a-forma-mais-comum-de-cancer-de-pele.shtml\" rel=\"nofollow noopener\" target=\"\">c\u00e2nceres de pele<\/a> com <a href=\"https:\/\/www1.folha.uol.com.br\/equilibrioesaude\/2025\/08\/uso-de-ia-pode-prejudicar-capacidade-de-medicos-em-detectar-sinais-de-cancer-aponta-estudo.shtml\" rel=\"nofollow noopener\" target=\"\">uso de intelig\u00eancia artificial<\/a>.<\/p>\n<p>O aparelho, batizado de SkinScan, pesa aproximadamente 500 gramas e \u00e9 equipado com uma lente, uma tela touchscreen e um minicomputador, montados em uma estrutura em formato de pistola produzida em impressora 3D.<\/p>\n<p>A lente registra 12 fotografias em sequ\u00eancia de um sinal ou les\u00e3o de pele, e um microprocessador faz a an\u00e1lise com base em um banco de dados que conta com mais de 10 mil imagens de tumores benignos e malignos, extra\u00eddas de portais m\u00e9dicos, entidades de pesquisa e do ISIC (International Skin Imaging Collaboration), portal voltado a ampliar o acervo digitalizado de imagens de <a href=\"https:\/\/www1.folha.uol.com.br\/folha-topicos\/cancer\/\" rel=\"nofollow noopener\" target=\"_blank\">c\u00e2ncer<\/a> de pele.<\/p>\n<p>A ideia surgiu em maio, quando professores do laborat\u00f3rio de rob\u00f3tica do Col\u00e9gio Jo\u00e3o Paulo I uniram dois interesses de pesquisa distintos.A estudante Fernanda Gib tinha uma pesquisa em desenvolvimento sobre c\u00e2nceres de pele, ainda te\u00f3rica, mas sem uma aplica\u00e7\u00e3o pr\u00e1tica.<\/p>\n<p>A estudante Fernanda Gib tinha uma pesquisa em desenvolvimento sobre <a href=\"https:\/\/www1.folha.uol.com.br\/equilibrio\/2024\/04\/entenda-como-reconhecer-a-forma-mais-comum-de-cancer-de-pele.shtml\" rel=\"nofollow noopener\" target=\"\">c\u00e2ncer de pele<\/a>, ainda em cunho te\u00f3rico, mas sem uma ideia pr\u00e1tica. Ela se uniu ao colega Arthur Duval, que estava desenvolvendo um rob\u00f4 para <a href=\"https:\/\/www1.folha.uol.com.br\/folhinha\/2025\/08\/como-sao-os-concursos-de-robotica-que-mobilizam-criancas-e-adolescentes.shtml\" rel=\"nofollow noopener\" target=\"\">inscrever na Olimp\u00edada Brasileira de Rob\u00f3tica<\/a>.<\/p>\n<p>A parceria originalmente seria para inscri\u00e7\u00e3o na olimp\u00edada, mas os alunos procuraram o laborat\u00f3rio para propor um projeto paralelo que envolvesse c\u00e2ncer de pele e <a href=\"https:\/\/www1.folha.uol.com.br\/folha-topicos\/inteligencia-artificial\/\" rel=\"nofollow noopener\" target=\"_blank\">intelig\u00eancia artificial<\/a>.<\/p>\n<p>Em uma conversa com o professor Giovane Irribarem de Mello, que coordenou o projeto no Laborat\u00f3rio de Rob\u00f3tica, chegou-se \u00e0 ideia de um equipamento que usaria c\u00e2mera e IA para identificar c\u00e2ncer de pele.<\/p>\n<p>Arthur diz que o equipamento foi pensado como uma ferramenta complementar para triagens m\u00e9dicas.<\/p>\n<p>&#8220;A gente pensou nesse dispositivo como algo para a aten\u00e7\u00e3o prim\u00e1ria, por exemplo, postos de sa\u00fade, onde muitas vezes h\u00e1 d\u00e9ficit de profissionais especializados em dermatologia&#8221;, diz o estudante. &#8220;Voc\u00ea poderia aplicar esse dispositivo para diminuir a margem de erro, j\u00e1 que muitas vezes os m\u00e9dicos que est\u00e3o l\u00e1 s\u00e3o gerais.&#8221;<\/p>\n<p>O projeto foi premiado na Mostratec, um dos maiores eventos de pesquisa cient\u00edfica estudantil na Am\u00e9rica Latina, que ocorreu em Novo Hamburgo (RS), e foi selecionado para expor o projeto em uma feira na It\u00e1lia, em mar\u00e7o.<\/p>\n<p>Arthur e Fernanda tamb\u00e9m foram convidados a apresentar o projeto no Hospital de Cl\u00ednicas de Porto Alegre, onde conversaram com uma equipe de m\u00e9dicos e pesquisadores, incluindo a chefia do departamento de dermatologia. O professor considera a aproxima\u00e7\u00e3o com o hospital importante para, no futuro, conseguir colocar o dispositivo em teste com pacientes.<\/p>\n<p>Como os alunos n\u00e3o t\u00eam autoriza\u00e7\u00e3o para testar a efic\u00e1cia do equipamento em pessoas, os testes s\u00e3o feitos por meio da an\u00e1lise de imagens impressas ou digitais de les\u00f5es. O aparelho leva cerca de dois segundos para indicar se h\u00e1 suspeita da doen\u00e7a, e o relat\u00f3rio mais recente de dados apontou precis\u00e3o de 77%.<\/p>\n<p>&#8220;\u00c9 uma porcentagem de quantas vezes o modelo acertou e errou, imagens \u00e0s quais ele nunca foi exposto antes&#8221;, diz Arthur.<\/p>\n<p>Segundo ele, os pr\u00f3ximos passos previstos s\u00e3o melhorar a qualidade da lente utilizada, aprimorar o modelo e encontrar uma parceria para investir na ideia.<\/p>\n<p>O custo estimado do equipamento, somando bateria, lente, microprocessador Raspberry Pi 5 e mat\u00e9ria-prima para montagem, \u00e9 de R$ 1.100. O formato, semelhante a uma furadeira ou a um term\u00f4metro el\u00e9trico como os usados durante a pandemia de Covid-19, foi pensado pela praticidade de movimenta\u00e7\u00e3o.<\/p>\n<p>O professor diz que o projeto pode qualificar e tamb\u00e9m baratear o atendimento da sa\u00fade oncol\u00f3gica no Rio Grande do Sul, um dos estados com maior incid\u00eancia de c\u00e2ncer de pele no Brasil. Quase metade das cidades ga\u00fachas tem menos de 5.000 habitantes e depende de unidades de sa\u00fade limitadas, com atendimentos concentrados principalmente em Porto Alegre.<\/p>\n<p>O desafio \u00e9 maior nas cidades de predomin\u00e2ncia agr\u00edcola, onde trabalhadores do campo<a href=\"https:\/\/www1.folha.uol.com.br\/equilibrio\/2024\/04\/entenda-como-reconhecer-a-forma-mais-comum-de-cancer-de-pele.shtml\" rel=\"nofollow noopener\" target=\"\"> est\u00e3o expostos ao sol e \u00e0 radia\u00e7\u00e3o ultravioleta<\/a>.<\/p>\n<p>Entretanto, Giovane ressalta que a inven\u00e7\u00e3o dos alunos n\u00e3o tem inten\u00e7\u00e3o de diagn\u00f3stico. &#8220;O equipamento n\u00e3o pode determinar se o c\u00e2ncer \u00e9 maligno ou n\u00e3o; quem faz isso \u00e9 o m\u00e9dicDe acordo com dados da SES (Secretaria Estadual da Sa\u00fade), foram registrados 4.521 casos de c\u00e2nceres de pele e 509 \u00f3bitos pela doen\u00e7a no Rio Grande do Sul at\u00e9 4 de dezembro deste ano. Esses n\u00fameros indicam uma queda em compara\u00e7\u00e3o \u00e0s 8.683 novas ocorr\u00eancias de c\u00e2nceres de pele e 670 mortes registradas em 2024.<\/p>\n<p>De acordo com dados da SES (Secretaria Estadual da Sa\u00fade), foram registrados 4.521 casos de c\u00e2ncer de pele e 509 \u00f3bitos pela doen\u00e7a no Rio Grande do Sul at\u00e9 4 de dezembro deste ano.<\/p>\n<p>\u00c9 uma queda em compara\u00e7\u00e3o \u00e0s 8.683 novas ocorr\u00eancias de c\u00e2ncer de pele e 670 mortes registradas em 2024. O n\u00famero de interna\u00e7\u00f5es hospitalares tamb\u00e9m caiu, de 7.634 para 5.563. A secretaria aponta que as bases de dados de 2025 ainda n\u00e3o est\u00e3o consolidadas.<\/p>\n<p>    Cuide-se<\/p>\n<p class=\"c-newsletter__subtitle\">Ci\u00eancia, h\u00e1bitos e preven\u00e7\u00e3o numa newsletter para a sua sa\u00fade e bem-estar<\/p>\n","protected":false},"excerpt":{"rendered":"Dois adolescentes de 17 anos, estudantes de uma escola de Porto Alegre, desenvolveram um dispositivo port\u00e1til que utiliza&hellip;\n","protected":false},"author":2,"featured_media":229645,"comment_status":"","ping_status":"","sticky":false,"template":"","format":"standard","meta":{"footnotes":""},"categories":[86],"tags":[1776,3888,12285,3237,236,116,933,1208,4677,32,33,33122,11874,117,110],"class_list":{"0":"post-229644","1":"post","2":"type-post","3":"status-publish","4":"format-standard","5":"has-post-thumbnail","7":"category-saude","8":"tag-cancer","9":"tag-cancer-de-pele","10":"tag-dias-melhores","11":"tag-escola","12":"tag-folha","13":"tag-health","14":"tag-inteligencia-artificial","15":"tag-medicina","16":"tag-porto-alegre","17":"tag-portugal","18":"tag-pt","19":"tag-rio-grande-do-sul-estado","20":"tag-robotica","21":"tag-saude","22":"tag-tecnologia"},"share_on_mastodon":{"url":"https:\/\/pubeurope.com\/@pt\/115898166967574417","error":""},"_links":{"self":[{"href":"https:\/\/www.europesays.com\/pt\/wp-json\/wp\/v2\/posts\/229644","targetHints":{"allow":["GET"]}}],"collection":[{"href":"https:\/\/www.europesays.com\/pt\/wp-json\/wp\/v2\/posts"}],"about":[{"href":"https:\/\/www.europesays.com\/pt\/wp-json\/wp\/v2\/types\/post"}],"author":[{"embeddable":true,"href":"https:\/\/www.europesays.com\/pt\/wp-json\/wp\/v2\/users\/2"}],"replies":[{"embeddable":true,"href":"https:\/\/www.europesays.com\/pt\/wp-json\/wp\/v2\/comments?post=229644"}],"version-history":[{"count":0,"href":"https:\/\/www.europesays.com\/pt\/wp-json\/wp\/v2\/posts\/229644\/revisions"}],"wp:featuredmedia":[{"embeddable":true,"href":"https:\/\/www.europesays.com\/pt\/wp-json\/wp\/v2\/media\/229645"}],"wp:attachment":[{"href":"https:\/\/www.europesays.com\/pt\/wp-json\/wp\/v2\/media?parent=229644"}],"wp:term":[{"taxonomy":"category","embeddable":true,"href":"https:\/\/www.europesays.com\/pt\/wp-json\/wp\/v2\/categories?post=229644"},{"taxonomy":"post_tag","embeddable":true,"href":"https:\/\/www.europesays.com\/pt\/wp-json\/wp\/v2\/tags?post=229644"}],"curies":[{"name":"wp","href":"https:\/\/api.w.org\/{rel}","templated":true}]}}