{"id":229655,"date":"2026-01-15T08:42:06","date_gmt":"2026-01-15T08:42:06","guid":{"rendered":"https:\/\/www.europesays.com\/pt\/229655\/"},"modified":"2026-01-15T08:42:06","modified_gmt":"2026-01-15T08:42:06","slug":"pela-primeira-vez-na-historia-astronautas-tiveram-de-ser-retirados-da-estacao-espacial-internacional-devido-a-doenca","status":"publish","type":"post","link":"https:\/\/www.europesays.com\/pt\/229655\/","title":{"rendered":"Pela primeira vez na hist\u00f3ria, astronautas tiveram de ser retirados da Esta\u00e7\u00e3o Espacial Internacional devido a doen\u00e7a"},"content":{"rendered":"<p>\n         Publicado a<br \/>\n            15\/01\/2026 &#8211; 9:23 GMT+1\n            <\/p>\n<p>Um m\u00eas antes da data prevista, <strong>a miss\u00e3o espacial Crew-11 regressou \u00e0 Terra,<\/strong> dando in\u00edcio \u00e0 primeira evacua\u00e7\u00e3o m\u00e9dica da hist\u00f3ria da Esta\u00e7\u00e3o Espacial Internacional, que est\u00e1 em \u00f3rbita h\u00e1 quase 30 anos, desde 1998.<\/p>\n<p>A miss\u00e3o, <strong>composta por dois astronautas dos EUA, um do Jap\u00e3o e outro da R\u00fassia &#8211;<\/strong> Mike Fincke, Zena Cardman, Kimiya Yui e Oleg Platonov, respetivamente &#8211; termina assim prematuramente. A aterragem dever\u00e1 ocorrer na madrugada de quinta-feira, hora local, ao largo da costa da Calif\u00f3rnia.<\/p>\n<p>A raz\u00e3o exata do regresso n\u00e3o \u00e9 conhecida, assim como n\u00e3o se sabe qual dos membros da tripula\u00e7\u00e3o foi afetado pelo problema de sa\u00fade. A NASA apenas informou que <strong>a situa\u00e7\u00e3o da pessoa em quest\u00e3o \u00e9 considerada est\u00e1vel.<\/strong> <\/p>\n<p>Os astronautas chegaram \u00e0 Esta\u00e7\u00e3o Especial Internacional a 1 de agosto para realizar trabalho de investiga\u00e7\u00e3o durante seis meses e meio, pelo que apenas deveriam regressar em meados de fevereiro. <\/p>\n<p><strong>A caminhada espacial da semana passada teve de ser cancelada no \u00faltimo minuto.<\/strong> Horas depois, a NASA revelou que um membro da tripula\u00e7\u00e3o tinha adoecido.<\/p>\n<p>A esta\u00e7\u00e3o espacial, que orbita a 400 quil\u00f3metros de altitude, tem uma vasta reserva de medicamentos e equipamentos m\u00e9dicos, mas n\u00e3o tem m\u00e9dicos a bordo, pelo que <strong>n\u00e3o \u00e9 poss\u00edvel dar resposta a casos graves,<\/strong>  j\u00e1 que os astronautas tamb\u00e9m n\u00e3o t\u00eam forma\u00e7\u00e3o especializada a esse n\u00edvel. <\/p>\n<p>A bordo deste laborat\u00f3rio orbital permanecem outros tr\u00eas astronautas, um da NASA e dois de nacionalidade russa, que s\u00e3o esperados em terra no ver\u00e3o. S\u00e3o eles, respetivamente, Chris Williams, Sergei Mikaev e Sergei Kud-Sverchkov.<\/p>\n","protected":false},"excerpt":{"rendered":"Publicado a 15\/01\/2026 &#8211; 9:23 GMT+1 Um m\u00eas antes da data prevista, a miss\u00e3o espacial Crew-11 regressou \u00e0&hellip;\n","protected":false},"author":2,"featured_media":229656,"comment_status":"","ping_status":"","sticky":false,"template":"","format":"standard","meta":{"footnotes":""},"categories":[84],"tags":[109,107,108,17711,24502,8117,1149,32,33,105,103,104,585,106,110],"class_list":{"0":"post-229655","1":"post","2":"type-post","3":"status-publish","4":"format-standard","5":"has-post-thumbnail","7":"category-ciencia-e-tecnologia","8":"tag-ciencia","9":"tag-ciencia-e-tecnologia","10":"tag-cienciaetecnologia","11":"tag-evacuacao","12":"tag-investigacao-espacial","13":"tag-iss","14":"tag-nasa","15":"tag-portugal","16":"tag-pt","17":"tag-science","18":"tag-science-and-technology","19":"tag-scienceandtechnology","20":"tag-spacex","21":"tag-technology","22":"tag-tecnologia"},"share_on_mastodon":{"url":"https:\/\/pubeurope.com\/@pt\/115898229897650443","error":""},"_links":{"self":[{"href":"https:\/\/www.europesays.com\/pt\/wp-json\/wp\/v2\/posts\/229655","targetHints":{"allow":["GET"]}}],"collection":[{"href":"https:\/\/www.europesays.com\/pt\/wp-json\/wp\/v2\/posts"}],"about":[{"href":"https:\/\/www.europesays.com\/pt\/wp-json\/wp\/v2\/types\/post"}],"author":[{"embeddable":true,"href":"https:\/\/www.europesays.com\/pt\/wp-json\/wp\/v2\/users\/2"}],"replies":[{"embeddable":true,"href":"https:\/\/www.europesays.com\/pt\/wp-json\/wp\/v2\/comments?post=229655"}],"version-history":[{"count":0,"href":"https:\/\/www.europesays.com\/pt\/wp-json\/wp\/v2\/posts\/229655\/revisions"}],"wp:featuredmedia":[{"embeddable":true,"href":"https:\/\/www.europesays.com\/pt\/wp-json\/wp\/v2\/media\/229656"}],"wp:attachment":[{"href":"https:\/\/www.europesays.com\/pt\/wp-json\/wp\/v2\/media?parent=229655"}],"wp:term":[{"taxonomy":"category","embeddable":true,"href":"https:\/\/www.europesays.com\/pt\/wp-json\/wp\/v2\/categories?post=229655"},{"taxonomy":"post_tag","embeddable":true,"href":"https:\/\/www.europesays.com\/pt\/wp-json\/wp\/v2\/tags?post=229655"}],"curies":[{"name":"wp","href":"https:\/\/api.w.org\/{rel}","templated":true}]}}