{"id":229659,"date":"2026-01-15T08:46:08","date_gmt":"2026-01-15T08:46:08","guid":{"rendered":"https:\/\/www.europesays.com\/pt\/229659\/"},"modified":"2026-01-15T08:46:08","modified_gmt":"2026-01-15T08:46:08","slug":"china-adaptou-se-as-tarifas-dos-eua-e-conseguiu-maior-excedente-comercial-da-historia-comercio","status":"publish","type":"post","link":"https:\/\/www.europesays.com\/pt\/229659\/","title":{"rendered":"China adaptou-se \u00e0s tarifas dos EUA e conseguiu maior excedente comercial da hist\u00f3ria | Com\u00e9rcio"},"content":{"rendered":"<p>A China anunciou na quarta-feira o seu maior excedente comercial da hist\u00f3ria: um saldo de 1,2 bili\u00f5es de d\u00f3lares (cerca de um bili\u00e3o de euros) em 2025, um aumento de 20% face a 2024, com as exporta\u00e7\u00f5es a subir 6,1% e as importa\u00e7\u00f5es 0,5%. O New York Times coloca o recorde mundial perspectiva: supera cinco vezes o m\u00e1ximo japon\u00eas de 1993 e quatro vezes o valor alem\u00e3o de 2017. A Reuters compara-o ao PIB da Ar\u00e1bia Saudita.<\/p>\n<p>Pequim real\u00e7a o crescimento das exporta\u00e7\u00f5es tecnol\u00f3gicas, como rob\u00f4s industriais (48,7%), turbinas e\u00f3licas (os mesmos 48,7%), semicondutores (26,8%), baterias de l\u00edtio (26,2%) e ve\u00edculos (21,4%), dos quais 48,8% el\u00e9ctricos. O pa\u00eds escapa aparentemente ileso \u00e0 <a href=\"https:\/\/www.publico.pt\/2025\/10\/20\/economia\/noticia\/novos-conflitos-comercio-aceleram-separacao-economica-eua-china-2151285\" rel=\"nofollow noopener\" target=\"_blank\">guerra comercial<\/a> decretada pela Administra\u00e7\u00e3o Trump, encontrando n\u00e3o s\u00f3 uma alternativa na Uni\u00e3o Europeia (aumento de 9%), Am\u00e9rica Latina (8%), <a href=\"https:\/\/www.publico.pt\/2025\/04\/01\/mundo\/noticia\/dois-portos-cplp-estao-possiveis-escolhas-china-base-militar-atlantico-2128178\" rel=\"nofollow noopener\" target=\"_blank\">\u00c1frica<\/a> (26,5%) e Sudeste Asi\u00e1tico (14%), como tamb\u00e9m intermedi\u00e1rios, sobretudo na \u00c1sia, para escoar os seus produtos para os EUA e evitar taxas aduaneiras mais elevadas. Apesar da <a href=\"https:\/\/www.publico.pt\/2025\/10\/30\/economia\/noticia\/eua-china-acordam-tregua-ano-tarifas-2152681\" rel=\"nofollow noopener\" target=\"_blank\">tr\u00e9gua de Outubro com Washington<\/a>, vigoram tarifas m\u00e9dias de 47,5%.<\/p>\n<p>\u201cO ambiente externo permanece desafiante e complexo\u201d, reconhece Wang Jun, vice-director das alf\u00e2ndegas chinesas. No entanto, \u201ccom uma maior diversidade de parceiros, a capacidade de enfrentar riscos foi aumentada\u201d.<\/p>\n<p>Desequil\u00edbrios internos<\/p>\n<p>O excedente foi auxiliado pelo renminbi fraco (mant\u00e9m-se a pol\u00edtica monet\u00e1ria p\u00f3s-pand\u00e9mica de Pequim) e a estagna\u00e7\u00e3o das importa\u00e7\u00f5es. Ainda pesa a <a href=\"https:\/\/www.publico.pt\/2021\/09\/23\/economia\/noticia\/evergrande-acelerar-ja-anunciado-fim-milagre-chines-1978571\" rel=\"nofollow noopener\" target=\"_blank\">crise imobili\u00e1ria<\/a> no poder de compra. Pequim aponta contudo o dedo aos EUA. \u201cAlguns pa\u00edses decidiram politizar assuntos econ\u00f3micos e comerciais e restringir a exporta\u00e7\u00e3o de produtos tecnol\u00f3gicos para a China. De outra forma, ter\u00edamos importado muito mais\u201d, declarou Wang Jun, referindo-se \u00e0s proibi\u00e7\u00f5es de <a href=\"https:\/\/www.publico.pt\/2025\/12\/18\/enter\/noticia\/china-lanca-projecto-manhattan-bater-ocidente-chips-ia-2158531\" rel=\"nofollow noopener\" target=\"_blank\">venda de chips \u00e0 China<\/a>, agora aliviadas.<\/p>\n<p>Os n\u00fameros de quarta-feira s\u00e3o por isso celebrados, mas cautelosamente. Em Novembro, o primeiro-ministro chin\u00eas, Li Qiang, alertou para a depend\u00eancia das exporta\u00e7\u00f5es. Para al\u00e9m de desequil\u00edbrios internos, Pequim reconhece os riscos de um tsunami chin\u00eas em mercados-chave. Em Dezembro, o Presidente franc\u00eas, Emmanuel Macron, declarou que o actual fluxo comercial \u00e9 &#8220;insustent\u00e1vel&#8221;. Na semana passada, o Governo chin\u00eas anunciou o fim de incentivos \u00e0 exporta\u00e7\u00e3o de pain\u00e9is solares, fortemente criticados na Europa, num de v\u00e1rios gestos que respondem \u00e0 implementa\u00e7\u00e3o de tarifas tamb\u00e9m na UE, \u00cdndia ou Indon\u00e9sia.<\/p>\n","protected":false},"excerpt":{"rendered":"A China anunciou na quarta-feira o seu maior excedente comercial da hist\u00f3ria: um saldo de 1,2 bili\u00f5es de&hellip;\n","protected":false},"author":2,"featured_media":229660,"comment_status":"","ping_status":"","sticky":false,"template":"","format":"standard","meta":{"footnotes":""},"categories":[8],"tags":[367,27,28,358,3398,476,413,445,8376,15,16,14,25,26,21,22,12,13,19,20,542,32,23,24,33,17,18,29,30,31,636],"class_list":{"0":"post-229659","1":"post","2":"type-post","3":"status-publish","4":"format-standard","5":"has-post-thumbnail","7":"category-principais-noticias","8":"tag-asia","9":"tag-breaking-news","10":"tag-breakingnews","11":"tag-china","12":"tag-comercio","13":"tag-economia","14":"tag-eua","15":"tag-europa","16":"tag-exportacoes","17":"tag-featured-news","18":"tag-featurednews","19":"tag-headlines","20":"tag-latest-news","21":"tag-latestnews","22":"tag-main-news","23":"tag-mainnews","24":"tag-news","25":"tag-noticias","26":"tag-noticias-principais","27":"tag-noticiasprincipais","28":"tag-para-redes","29":"tag-portugal","30":"tag-principais-noticias","31":"tag-principaisnoticias","32":"tag-pt","33":"tag-top-stories","34":"tag-topstories","35":"tag-ultimas","36":"tag-ultimas-noticias","37":"tag-ultimasnoticias","38":"tag-uniao-europeia"},"share_on_mastodon":{"url":"https:\/\/pubeurope.com\/@pt\/115898245624230410","error":""},"_links":{"self":[{"href":"https:\/\/www.europesays.com\/pt\/wp-json\/wp\/v2\/posts\/229659","targetHints":{"allow":["GET"]}}],"collection":[{"href":"https:\/\/www.europesays.com\/pt\/wp-json\/wp\/v2\/posts"}],"about":[{"href":"https:\/\/www.europesays.com\/pt\/wp-json\/wp\/v2\/types\/post"}],"author":[{"embeddable":true,"href":"https:\/\/www.europesays.com\/pt\/wp-json\/wp\/v2\/users\/2"}],"replies":[{"embeddable":true,"href":"https:\/\/www.europesays.com\/pt\/wp-json\/wp\/v2\/comments?post=229659"}],"version-history":[{"count":0,"href":"https:\/\/www.europesays.com\/pt\/wp-json\/wp\/v2\/posts\/229659\/revisions"}],"wp:featuredmedia":[{"embeddable":true,"href":"https:\/\/www.europesays.com\/pt\/wp-json\/wp\/v2\/media\/229660"}],"wp:attachment":[{"href":"https:\/\/www.europesays.com\/pt\/wp-json\/wp\/v2\/media?parent=229659"}],"wp:term":[{"taxonomy":"category","embeddable":true,"href":"https:\/\/www.europesays.com\/pt\/wp-json\/wp\/v2\/categories?post=229659"},{"taxonomy":"post_tag","embeddable":true,"href":"https:\/\/www.europesays.com\/pt\/wp-json\/wp\/v2\/tags?post=229659"}],"curies":[{"name":"wp","href":"https:\/\/api.w.org\/{rel}","templated":true}]}}