{"id":229695,"date":"2026-01-15T09:39:07","date_gmt":"2026-01-15T09:39:07","guid":{"rendered":"https:\/\/www.europesays.com\/pt\/229695\/"},"modified":"2026-01-15T09:39:07","modified_gmt":"2026-01-15T09:39:07","slug":"calcule-o-salario-liquido-que-vai-receber-em-2026","status":"publish","type":"post","link":"https:\/\/www.europesays.com\/pt\/229695\/","title":{"rendered":"calcule o sal\u00e1rio l\u00edquido que vai receber em 2026"},"content":{"rendered":"<p>As tabelas de reten\u00e7\u00e3o na fonte aplic\u00e1veis aos trabalhadores por conta de outrem e aos pensionistas em 2026 j\u00e1 foram publicadas e estar\u00e3o em vigor at\u00e9 ao final do ano, refletindo a descida do IRS. Recorde-se que o Or\u00e7amento do Estado para 2026 previa uma redu\u00e7\u00e3o de 0,3 pontos percentuais nas taxas marginais do IRS aplic\u00e1veis do segundo ao quinto escal\u00f5es.<\/p>\n<p>Para que os trabalhadores que ganham o sal\u00e1rio m\u00ednimo nacional, de 920 euros em 2026, fiquem isentos de tributa\u00e7\u00e3o, as novas tabelas t\u00eam uma taxa de reten\u00e7\u00e3o de 0% at\u00e9 920 euros brutos mensais e aumentam o m\u00ednimo de exist\u00eancia para 12 880 euros. A isen\u00e7\u00e3o de tributa\u00e7\u00e3o aplica-se igualmente \u00e0s pens\u00f5es at\u00e9 920 euros brutos. <\/p>\n<p>Como o c\u00e1lculo das taxas de reten\u00e7\u00e3o pode ser complexo, a DECO PROteste disponibiliza uma c<a href=\"https:\/\/www.deco.proteste.pt\/dinheiro\/emprego\/calcular-salario-liquido\" target=\"_blank\" rel=\"noopener nofollow\">alculadora de sal\u00e1rio l\u00edquido<\/a>\u202fque integra j\u00e1 as tabelas de reten\u00e7\u00e3o na fonte aplic\u00e1veis em 2026. Saiba qual vai ser o seu sal\u00e1rio l\u00edquido nos pr\u00f3ximos meses. <\/p>\n<p><strong>Maioria dos sal\u00e1rios isenta de IRS em agosto e setembro de 2025<\/strong><\/p>\n<p>Em agosto e setembro de 2025, ap\u00f3s uma descida das taxas de IRS, a maioria dos sal\u00e1rios brutos at\u00e9\u202f1.136 euros brutos ficou isenta de pagamento de imposto\u202fpara compensar o valor descontado a mais desde janeiro. O mesmo aconteceu com as\u202freformas at\u00e9 1.116 euros brutos mensais\u202fpara pensionistas solteiros ou casados com algu\u00e9m que tamb\u00e9m tivesse rendimentos ou\u202freformas at\u00e9 1.152 euros brutos mensais ou para pensionistas casados, em que apenas um dos elementos tivesse rendimentos.<\/p>\n<p>J\u00e1 em outubro entraram em vigor as tabelas que estiveram em vigor at\u00e9 ao final do ano. <\/p>\n<p><strong>Reembolsos de IRS podem baixar em 2026<\/strong><\/p>\n<p>Tenha, no entanto, em conta que o pagamento de menos imposto em 2025 pode significar que, este ano, poder\u00e1 n\u00e3o ter reembolso ou ter\u00e1 imposto a pagar ap\u00f3s a entrega da declara\u00e7\u00e3o de IRS.<\/p>\n<p>Ao reter menos imposto todos os meses, passa a ter mais rendimento dispon\u00edvel. Contudo, o acerto de contas vai ser feito com a entrega da declara\u00e7\u00e3o de IRS de 2025. Os contribuintes que habitualmente recebem um reembolso de IRS podem vir a receber um reembolso menor este ano. Outros podem mesmo deixar de ter direito a reembolso e passar a pagar imposto. Por outro lado, quem j\u00e1 pagava IRS ter\u00e1 certamente uma conta mais elevada para liquidar.<\/p>\n<p>J\u00e1 em 2025 foi sentido um impacto significativo na entrega da declara\u00e7\u00e3o de IRS referente a 2024. Muitos contribuintes foram confrontados com\u202freembolsos mais baixos\u202fou com\u202fmontantes mais elevados para pagar. Isto porque em 2024 tamb\u00e9m foi devolvida grande parte da reten\u00e7\u00e3o na fonte acumulada nos primeiros oito meses do ano por trabalhadores e pensionistas.<\/p>\n<p>No caso dos pensionistas, em setembro de 2025, voltou a ser atribu\u00eddo um\u202fsuplemento extraordin\u00e1rio que tamb\u00e9m ser\u00e1 contabilizado como rendimento bruto obtido no ano passado.<\/p>\n<p>No final das contas, os trabalhadores por conta de outrem e alguns pensionistas t\u00eam menos descontos acumulados para rendimentos iguais ou at\u00e9 superiores aos de 2024. Para apurar o IRS que os contribuintes t\u00eam de pagar, as Finan\u00e7as consideram os rendimentos obtidos ao longo do ano e deduzem-lhes os descontos efetuados por via da reten\u00e7\u00e3o na fonte, al\u00e9m das despesas (de sa\u00fade e educa\u00e7\u00e3o, por exemplo) e eventuais benef\u00edcios fiscais. Se o imposto retido for superior ao imposto devido, h\u00e1 lugar a reembolso. Se for inferior, h\u00e1 que pagar o valor em falta.<\/p>\n<p><strong>Valide faturas ao longo do ano<\/strong><\/p>\n<p>\u00c9, por isso, fundamental que os contribuintes pe\u00e7am sempre faturas com n\u00famero de identifica\u00e7\u00e3o fiscal (NIF). A valida\u00e7\u00e3o peri\u00f3dica das faturas na plataforma e-Fatura \u00e9 outro h\u00e1bito a seguir, pelo menos uma vez por m\u00eas. Em 2026, a data-limite para a valida\u00e7\u00e3o das faturas de 2025 \u00e9 at\u00e9 ao final de fevereiro. O correto planeamento fiscal pode ajudar a amortecer o impacto que vai ser sentido em 2026 na hora de pagar o IRS.<\/p>\n","protected":false},"excerpt":{"rendered":"As tabelas de reten\u00e7\u00e3o na fonte aplic\u00e1veis aos trabalhadores por conta de outrem e aos pensionistas em 2026&hellip;\n","protected":false},"author":2,"featured_media":229696,"comment_status":"","ping_status":"","sticky":false,"template":"","format":"standard","meta":{"footnotes":""},"categories":[83],"tags":[88,89,90,32,33],"class_list":{"0":"post-229695","1":"post","2":"type-post","3":"status-publish","4":"format-standard","5":"has-post-thumbnail","7":"category-empresas","8":"tag-business","9":"tag-economy","10":"tag-empresas","11":"tag-portugal","12":"tag-pt"},"share_on_mastodon":{"url":"https:\/\/pubeurope.com\/@pt\/115898454106178022","error":""},"_links":{"self":[{"href":"https:\/\/www.europesays.com\/pt\/wp-json\/wp\/v2\/posts\/229695","targetHints":{"allow":["GET"]}}],"collection":[{"href":"https:\/\/www.europesays.com\/pt\/wp-json\/wp\/v2\/posts"}],"about":[{"href":"https:\/\/www.europesays.com\/pt\/wp-json\/wp\/v2\/types\/post"}],"author":[{"embeddable":true,"href":"https:\/\/www.europesays.com\/pt\/wp-json\/wp\/v2\/users\/2"}],"replies":[{"embeddable":true,"href":"https:\/\/www.europesays.com\/pt\/wp-json\/wp\/v2\/comments?post=229695"}],"version-history":[{"count":0,"href":"https:\/\/www.europesays.com\/pt\/wp-json\/wp\/v2\/posts\/229695\/revisions"}],"wp:featuredmedia":[{"embeddable":true,"href":"https:\/\/www.europesays.com\/pt\/wp-json\/wp\/v2\/media\/229696"}],"wp:attachment":[{"href":"https:\/\/www.europesays.com\/pt\/wp-json\/wp\/v2\/media?parent=229695"}],"wp:term":[{"taxonomy":"category","embeddable":true,"href":"https:\/\/www.europesays.com\/pt\/wp-json\/wp\/v2\/categories?post=229695"},{"taxonomy":"post_tag","embeddable":true,"href":"https:\/\/www.europesays.com\/pt\/wp-json\/wp\/v2\/tags?post=229695"}],"curies":[{"name":"wp","href":"https:\/\/api.w.org\/{rel}","templated":true}]}}