{"id":229721,"date":"2026-01-15T10:02:19","date_gmt":"2026-01-15T10:02:19","guid":{"rendered":"https:\/\/www.europesays.com\/pt\/229721\/"},"modified":"2026-01-15T10:02:19","modified_gmt":"2026-01-15T10:02:19","slug":"longa-que-marca-o-retorno-de-sam-raimi-ao-terror-ganha-novo-e-belissimo-cartaz-confira","status":"publish","type":"post","link":"https:\/\/www.europesays.com\/pt\/229721\/","title":{"rendered":"Longa que marca o retorno de Sam Raimi ao terror ganha novo e bel\u00edssimo cartaz; Confira!"},"content":{"rendered":"<p><strong>\u2018<a href=\"https:\/\/cinepop.com.br\/tag\/socorro\/\" title=\"Socorro\" rel=\"nofollow noopener\" target=\"_blank\">Socorro<\/a>!\u2019<\/strong> (<a href=\"https:\/\/cinepop.com.br\/tag\/send-help\/\" title=\"Send Help\" rel=\"nofollow noopener\" target=\"_blank\">Send Help<\/a>), longa que marca o retorno de<strong> <a href=\"https:\/\/cinepop.com.br\/tag\/sam-raimi\/\" title=\"Sam Raimi\" rel=\"nofollow noopener\" target=\"_blank\">Sam Raimi<\/a><\/strong> ao g\u00eanero de terror, ganhou um novo e impressionante cartaz. O filme, estrelado por <strong><a href=\"https:\/\/cinepop.com.br\/tag\/rachel-mcadams\/\" title=\"Rachel McAdams\" rel=\"nofollow noopener\" target=\"_blank\">Rachel McAdams<\/a> (\u2018Voo Noturno\u2019)<\/strong> e <strong>Dylan O\u2019Brien (\u2018Amor e Monstros\u2019)<\/strong>, foi classificado para maiores de 18 anos, o primeiro longa para adultos do cineasta em mais de 20 anos.<\/p>\n<p>No cartaz, um pedido de <a href=\"https:\/\/cinepop.com.br\/tag\/socorro\/\" title=\"socorro\" rel=\"nofollow noopener\" target=\"_blank\">socorro<\/a> est\u00e1 escrito na areia da praia, parcialmente coberto por uma onda, transmitindo a atmosfera tensa do filme.<\/p>\n<p>Confira o trailer e siga o <a href=\"https:\/\/www.youtube.com\/cinepop?sub_confirmation=1\" target=\"_blank\" rel=\"noopener nofollow\"><strong>CinePOP no Youtube<\/strong><\/a>:<\/p>\n<blockquote class=\"twitter-tweet\">\n<p dir=\"ltr\" lang=\"en\">New poster for <a href=\"https:\/\/cinepop.com.br\/tag\/sam-raimi\/\" title=\"Sam Raimi\" rel=\"nofollow noopener\" target=\"_blank\">Sam Raimi<\/a>\u2019s \u2018<a href=\"https:\/\/cinepop.com.br\/tag\/send-help\/\" title=\"SEND HELP\" rel=\"nofollow noopener\" target=\"_blank\">SEND HELP<\/a>\u2019<\/p>\n<p>The horror thriller follows 2 co-workers who hate each other but get stranded together on a desert island after their plane crashes. <a href=\"https:\/\/t.co\/iTZIKCYmdf\" rel=\"nofollow\">pic.twitter.com\/iTZIKCYmdf<\/a><\/p>\n<p>\u2014 DiscussingFilm (@DiscussingFilm) <a href=\"https:\/\/twitter.com\/DiscussingFilm\/status\/2011235302023762271?ref_src=twsrc%5Etfw\" rel=\"nofollow noopener\" target=\"_blank\">January 14, 2026<\/a><\/p>\n<\/blockquote>\n<p>Vale destacar que este \u00e9 o primeiro projeto para maiores de <strong><a href=\"https:\/\/cinepop.com.br\/tag\/sam-raimi\/\" title=\"Sam Raimi\" rel=\"nofollow noopener\" target=\"_blank\">Sam Raimi<\/a><\/strong> desde <strong>\u2018O Dom da Premoni\u00e7\u00e3o\u2019<\/strong> (2000). Seu terror<strong> \u2018Arraste-Me para o Inferno\u2019<\/strong>, lan\u00e7ado quase uma d\u00e9cada depois, recebeu surpreendentemente uma classifica\u00e7\u00e3o et\u00e1ria mais baixa.<\/p>\n<p><strong>\u2018<a href=\"https:\/\/cinepop.com.br\/tag\/socorro\/\" title=\"Socorro\" rel=\"nofollow noopener\" target=\"_blank\">Socorro<\/a>!\u2019 chega aos cinemas nacionais em 29 de janeiro.<\/strong><\/p>\n<p>Na trama, dois \u201ccolegas\u201d de trabalho ficam presos em uma ilha deserta, sendo os \u00fanicos sobreviventes de um acidente de avi\u00e3o. Na ilha, eles devem superar seus problemas do for\u00e7a e intelig\u00eancia para sa\u00edrem vivos.<\/p>\n<p>\u00a0<\/p>\n<p><strong><a href=\"https:\/\/cinepop.com.br\/tag\/damian-shannon\/\" title=\"Damian Shannon\" rel=\"nofollow noopener\" target=\"_blank\">Damian Shannon<\/a> &amp; <a href=\"https:\/\/cinepop.com.br\/tag\/mark-swift\/\" title=\"Mark Swift\" rel=\"nofollow noopener\" target=\"_blank\">Mark Swift<\/a><\/strong>, de \u2018<strong>Freddy Vs. Jason<\/strong>\u2018 e o remake de \u2018<strong>Sexta-Feira 13<\/strong>\u2018, assinam o roteiro.<\/p>\n<p>Al\u00e9m de dirigir, <strong>Raimi<\/strong>\u00a0tamb\u00e9m servir\u00e1 como produtor atrav\u00e9s da <strong><a href=\"https:\/\/cinepop.com.br\/tag\/raimi-productions\/\" title=\"Raimi Productions\" rel=\"nofollow noopener\" target=\"_blank\">Raimi Productions<\/a><\/strong>.<\/p>\n<p><img decoding=\"async\" class=\"aioseo-author-bio-compact-image\" src=\"https:\/\/www.europesays.com\/pt\/wp-content\/uploads\/2025\/12\/1752016065611.jpg\" alt=\"author avatar\"\/><br \/>\nJornalista e redator apaixonado por cinema, s\u00e9ries e animes, sempre em busca de boas hist\u00f3rias para contar e compartilhar.<script async src=\"https:\/\/platform.twitter.com\/widgets.js\" charset=\"utf-8\"><\/script><\/p>\n","protected":false},"excerpt":{"rendered":"\u2018Socorro!\u2019 (Send Help), longa que marca o retorno de Sam Raimi ao g\u00eanero de terror, ganhou um novo&hellip;\n","protected":false},"author":2,"featured_media":227271,"comment_status":"","ping_status":"","sticky":false,"template":"","format":"standard","meta":{"footnotes":""},"categories":[140],"tags":[114,115,147,148,146,32,33],"class_list":{"0":"post-229721","1":"post","2":"type-post","3":"status-publish","4":"format-standard","5":"has-post-thumbnail","7":"category-filmes","8":"tag-entertainment","9":"tag-entretenimento","10":"tag-film","11":"tag-filmes","12":"tag-movies","13":"tag-portugal","14":"tag-pt"},"share_on_mastodon":{"url":"https:\/\/pubeurope.com\/@pt\/115898544487332552","error":""},"_links":{"self":[{"href":"https:\/\/www.europesays.com\/pt\/wp-json\/wp\/v2\/posts\/229721","targetHints":{"allow":["GET"]}}],"collection":[{"href":"https:\/\/www.europesays.com\/pt\/wp-json\/wp\/v2\/posts"}],"about":[{"href":"https:\/\/www.europesays.com\/pt\/wp-json\/wp\/v2\/types\/post"}],"author":[{"embeddable":true,"href":"https:\/\/www.europesays.com\/pt\/wp-json\/wp\/v2\/users\/2"}],"replies":[{"embeddable":true,"href":"https:\/\/www.europesays.com\/pt\/wp-json\/wp\/v2\/comments?post=229721"}],"version-history":[{"count":0,"href":"https:\/\/www.europesays.com\/pt\/wp-json\/wp\/v2\/posts\/229721\/revisions"}],"wp:featuredmedia":[{"embeddable":true,"href":"https:\/\/www.europesays.com\/pt\/wp-json\/wp\/v2\/media\/227271"}],"wp:attachment":[{"href":"https:\/\/www.europesays.com\/pt\/wp-json\/wp\/v2\/media?parent=229721"}],"wp:term":[{"taxonomy":"category","embeddable":true,"href":"https:\/\/www.europesays.com\/pt\/wp-json\/wp\/v2\/categories?post=229721"},{"taxonomy":"post_tag","embeddable":true,"href":"https:\/\/www.europesays.com\/pt\/wp-json\/wp\/v2\/tags?post=229721"}],"curies":[{"name":"wp","href":"https:\/\/api.w.org\/{rel}","templated":true}]}}