{"id":229755,"date":"2026-01-15T10:39:40","date_gmt":"2026-01-15T10:39:40","guid":{"rendered":"https:\/\/www.europesays.com\/pt\/229755\/"},"modified":"2026-01-15T10:39:40","modified_gmt":"2026-01-15T10:39:40","slug":"presidenciais-voto-dos-emigrantes-nas-eleicoes-de-domingo-so-pode-ser-presencial-presidenciais-2026","status":"publish","type":"post","link":"https:\/\/www.europesays.com\/pt\/229755\/","title":{"rendered":"Presidenciais: voto dos emigrantes nas elei\u00e7\u00f5es de domingo s\u00f3 pode ser presencial | Presidenciais 2026"},"content":{"rendered":"<p>Ao contr\u00e1rio do que acontece em elei\u00e7\u00f5es legislativas, em que \u00e9 permitido votar por correspond\u00eancia, os eleitores <a href=\"https:\/\/www.publico.pt\/2025\/05\/28\/politica\/noticia\/emigracao-votado-eleitores-europa-europa-2134667\" rel=\"nofollow noopener\" target=\"_blank\">portugueses no estrangeiro<\/a> s\u00f3 podem participar nas elei\u00e7\u00f5es para a Presid\u00eancia da Rep\u00fablica por voto presencial. \u201cFace \u00e0s d\u00favidas que t\u00eam sido suscitadas\u201d, a Comiss\u00e3o Nacional de Elei\u00e7\u00f5es (CNE) veio, nesta quarta-feira, esclarecer que essa \u00e9 a \u00fanica modalidade de vota\u00e7\u00e3o para as elei\u00e7\u00f5es de 18 de Janeiro.<\/p>\n<p>A CNE destaca mesmo que \u201ccontrariamente ao que acontece na elei\u00e7\u00e3o da Assembleia da Rep\u00fablica, a Lei Eleitoral do Presidente da Rep\u00fablica estabelece como \u00fanica modalidade de vota\u00e7\u00e3o o exerc\u00edcio do voto presencial nas mesas de voto para o efeito constitu\u00eddas nas representa\u00e7\u00f5es diplom\u00e1ticas portuguesas\u201d.<\/p>\n<p>Esta obriga\u00e7\u00e3o revela-se uma dificuldade para muitos emigrantes exercerem o seu direito de voto, uma vez que as embaixadas e consulados situam-se, por vezes, a muitos quil\u00f3metros da sua morada de resid\u00eancia. Por exemplo, os residentes em Talin (Est\u00f3nia), t\u00eam de deslocar-se \u00e0 Finl\u00e2ndia para votar, como destacara em Outubro, o Presidente da Rep\u00fablica, <a href=\"https:\/\/www.publico.pt\/2025\/01\/15\/politica\/noticia\/pr-espera-acordo-parlamentar-alteracoes-voto-emigrantes-2118952\" rel=\"nofollow noopener\" target=\"_blank\">Marcelo Rebelo de Sousa<\/a>, que \u00e0 data defendeu uma modalidade de voto simplificada.<\/p>\n<p>Antes, em Fevereiro, o <a href=\"https:\/\/www.publico.pt\/2025\/02\/07\/politica\/noticia\/voto-eletronico-emigracao-proposto-psd-aprovado-oposicao-ps-be-pcp-2121713\" rel=\"nofollow noopener\" target=\"_blank\">PSD aprovou<\/a>, com o apoio do CDS, Chega e IL, um projecto de resolu\u00e7\u00e3o para a realiza\u00e7\u00e3o de uma experi\u00eancia para testar o voto electr\u00f3nico na emigra\u00e7\u00e3o, mas o PS, BE e PCP votaram contra. O PAN absteve-se.<\/p>\n<p>Em Julho do ano passado, o secret\u00e1rio de Estado das Comunidades Portuguesas, Em\u00eddio Sousa, <a href=\"https:\/\/www.publico.pt\/2025\/07\/09\/politica\/noticia\/secretario-estado-comunidades-recorda-voto-electronico-depende-parlamento-2139674\" rel=\"nofollow noopener\" target=\"_blank\">j\u00e1 alertava<\/a> para o facto de que n\u00e3o haveria tempo, at\u00e9 Janeiro deste ano, para alterar a lei ou implementar testes-piloto para avaliar a eventual modalidade de voto electr\u00f3nico.<\/p>\n<p>\u201cGrande frustra\u00e7\u00e3o\u201d<\/p>\n<p>O presidente e fundador do movimento <a href=\"https:\/\/www.publico.pt\/2019\/10\/16\/politica\/noticia\/movimento-aponta-centenas-milhares-emigrantes-impedidos-votar-1890188\" rel=\"nofollow noopener\" target=\"_blank\">Tamb\u00e9m Somos Portugueses<\/a> (TSP), Paulo Costa, disse \u00e0 Lusa que muitos dos portugueses no estrangeiro sentem \u201cuma grande frustra\u00e7\u00e3o porque a Assembleia da Rep\u00fablica n\u00e3o tem feito modifica\u00e7\u00f5es no sentido de simplificar as leis eleitorais\u201d.<\/p>\n<p>Ao contr\u00e1rio do que acontece em elei\u00e7\u00f5es legislativas, destacou Paulo Costa, em que o n\u00famero de deputados \u00e9 calculado consoante o n\u00famero de votos de cada um dos c\u00edrculos eleitorais \u2014 e os c\u00edrculos da emigra\u00e7\u00e3o correspondem a quatro deputados no Parlamento \u2014, nas presidenciais \u201ctodos os votos\u201d contam \u201cpor igual\u201d.<\/p>\n<p>O presidente do movimento destacou, nesta ter\u00e7a-feira, que ainda h\u00e1 v\u00e1rios eleitores com d\u00favidas e adiantou que iria propor \u00e0 Assembleia da Rep\u00fablica que os eleitores fossem contactados atrav\u00e9s de um email, com a informa\u00e7\u00e3o sobre como votar, em cada acto eleitoral em Portugal.<\/p>\n<p>Na sequ\u00eancia dessas d\u00favidas, a CNE veio ent\u00e3o esclarecer, nesta quarta-feira, que a \u00fanica modalidade de voto poss\u00edvel \u00e9 presencial.<\/p>\n<p>Esta \u00e9 s\u00f3 mais uma dificuldade dos eleitores portugueses recenseados no estrangeiro, que podem ter de votar na segunda volta com os boletins da primeira (com 14 candidatos apesar de s\u00f3 11 terem sido validados pelo Tribunal Constitucional), uma vez que os boletins da segunda volta, que s\u00e3o enviados por correio postal, podem n\u00e3o chegar a tempo a parte dos destinos.<\/p>\n","protected":false},"excerpt":{"rendered":"Ao contr\u00e1rio do que acontece em elei\u00e7\u00f5es legislativas, em que \u00e9 permitido votar por correspond\u00eancia, os eleitores portugueses&hellip;\n","protected":false},"author":2,"featured_media":229756,"comment_status":"","ping_status":"","sticky":false,"template":"","format":"standard","meta":{"footnotes":""},"categories":[8],"tags":[4508,27,28,1764,15,16,14,25,26,21,22,12,13,19,20,542,52,32,1076,23,24,33,17,18,29,30,31,14383],"class_list":{"0":"post-229755","1":"post","2":"type-post","3":"status-publish","4":"format-standard","5":"has-post-thumbnail","7":"category-principais-noticias","8":"tag-belem","9":"tag-breaking-news","10":"tag-breakingnews","11":"tag-emigracao","12":"tag-featured-news","13":"tag-featurednews","14":"tag-headlines","15":"tag-latest-news","16":"tag-latestnews","17":"tag-main-news","18":"tag-mainnews","19":"tag-news","20":"tag-noticias","21":"tag-noticias-principais","22":"tag-noticiasprincipais","23":"tag-para-redes","24":"tag-politica","25":"tag-portugal","26":"tag-presidenciais-2026","27":"tag-principais-noticias","28":"tag-principaisnoticias","29":"tag-pt","30":"tag-top-stories","31":"tag-topstories","32":"tag-ultimas","33":"tag-ultimas-noticias","34":"tag-ultimasnoticias","35":"tag-voto"},"share_on_mastodon":{"url":"https:\/\/pubeurope.com\/@pt\/115898690118185059","error":""},"_links":{"self":[{"href":"https:\/\/www.europesays.com\/pt\/wp-json\/wp\/v2\/posts\/229755","targetHints":{"allow":["GET"]}}],"collection":[{"href":"https:\/\/www.europesays.com\/pt\/wp-json\/wp\/v2\/posts"}],"about":[{"href":"https:\/\/www.europesays.com\/pt\/wp-json\/wp\/v2\/types\/post"}],"author":[{"embeddable":true,"href":"https:\/\/www.europesays.com\/pt\/wp-json\/wp\/v2\/users\/2"}],"replies":[{"embeddable":true,"href":"https:\/\/www.europesays.com\/pt\/wp-json\/wp\/v2\/comments?post=229755"}],"version-history":[{"count":0,"href":"https:\/\/www.europesays.com\/pt\/wp-json\/wp\/v2\/posts\/229755\/revisions"}],"wp:featuredmedia":[{"embeddable":true,"href":"https:\/\/www.europesays.com\/pt\/wp-json\/wp\/v2\/media\/229756"}],"wp:attachment":[{"href":"https:\/\/www.europesays.com\/pt\/wp-json\/wp\/v2\/media?parent=229755"}],"wp:term":[{"taxonomy":"category","embeddable":true,"href":"https:\/\/www.europesays.com\/pt\/wp-json\/wp\/v2\/categories?post=229755"},{"taxonomy":"post_tag","embeddable":true,"href":"https:\/\/www.europesays.com\/pt\/wp-json\/wp\/v2\/tags?post=229755"}],"curies":[{"name":"wp","href":"https:\/\/api.w.org\/{rel}","templated":true}]}}