{"id":229781,"date":"2026-01-15T11:01:11","date_gmt":"2026-01-15T11:01:11","guid":{"rendered":"https:\/\/www.europesays.com\/pt\/229781\/"},"modified":"2026-01-15T11:01:11","modified_gmt":"2026-01-15T11:01:11","slug":"fafe-elimina-braga-e-esta-nas-meias-finais","status":"publish","type":"post","link":"https:\/\/www.europesays.com\/pt\/229781\/","title":{"rendered":"Fafe elimina Braga e est\u00e1 nas meias-finais"},"content":{"rendered":"<p>O Fafe, da Liga 3, apurou-se esta quarta-feira para as meias-finais da Ta\u00e7a de Portugal, ao vencer na rece\u00e7\u00e3o ao Braga, da I Liga, por 2-1, em jogo dos quartos de final.<\/p>\n<p>Em Fafe, a equipa da casa, que j\u00e1 tinha eliminado os primodivision\u00e1rios Arouca e Moreirense nesta edi\u00e7\u00e3o da prova, adiantou-se no marcador com um golo de Jo\u00e3o Santos, aos 42 minutos, e ampliou a vantagem por Carlos Daniel, aos 70, com o costa-marfinense Mario Dorgeles a reduzir, aos 90+5.<\/p>\n<p>Com este triunfo, o Fafe apurou-se pela terceira vez para esta fase da Ta\u00e7a de Portugal, repetindo os feitos de 1976\/77 e 1978\/79, e juntou-se ao Torreense, da II Liga, nas equipas j\u00e1 qualificadas para as meias-finais, disputadas a duas m\u00e3os.<\/p>\n<p>Os outros dois semifinalistas v\u00e3o sair dos duelos entre o FC Porto e o Benfica, que se disputa ainda esta quarta-feira, e entre o Aves SAD e o Sporting, atual detentor do trof\u00e9u, em jogo agendado para o dia 4 de fevereiro.<\/p>\n","protected":false},"excerpt":{"rendered":"O Fafe, da Liga 3, apurou-se esta quarta-feira para as meias-finais da Ta\u00e7a de Portugal, ao vencer na&hellip;\n","protected":false},"author":2,"featured_media":229782,"comment_status":"","ping_status":"","sticky":false,"template":"","format":"standard","meta":{"footnotes":""},"categories":[87],"tags":[135,32,33,134],"class_list":{"0":"post-229781","1":"post","2":"type-post","3":"status-publish","4":"format-standard","5":"has-post-thumbnail","7":"category-desporto","8":"tag-desporto","9":"tag-portugal","10":"tag-pt","11":"tag-sports"},"share_on_mastodon":{"url":"https:\/\/pubeurope.com\/@pt\/115898777023371389","error":""},"_links":{"self":[{"href":"https:\/\/www.europesays.com\/pt\/wp-json\/wp\/v2\/posts\/229781","targetHints":{"allow":["GET"]}}],"collection":[{"href":"https:\/\/www.europesays.com\/pt\/wp-json\/wp\/v2\/posts"}],"about":[{"href":"https:\/\/www.europesays.com\/pt\/wp-json\/wp\/v2\/types\/post"}],"author":[{"embeddable":true,"href":"https:\/\/www.europesays.com\/pt\/wp-json\/wp\/v2\/users\/2"}],"replies":[{"embeddable":true,"href":"https:\/\/www.europesays.com\/pt\/wp-json\/wp\/v2\/comments?post=229781"}],"version-history":[{"count":0,"href":"https:\/\/www.europesays.com\/pt\/wp-json\/wp\/v2\/posts\/229781\/revisions"}],"wp:featuredmedia":[{"embeddable":true,"href":"https:\/\/www.europesays.com\/pt\/wp-json\/wp\/v2\/media\/229782"}],"wp:attachment":[{"href":"https:\/\/www.europesays.com\/pt\/wp-json\/wp\/v2\/media?parent=229781"}],"wp:term":[{"taxonomy":"category","embeddable":true,"href":"https:\/\/www.europesays.com\/pt\/wp-json\/wp\/v2\/categories?post=229781"},{"taxonomy":"post_tag","embeddable":true,"href":"https:\/\/www.europesays.com\/pt\/wp-json\/wp\/v2\/tags?post=229781"}],"curies":[{"name":"wp","href":"https:\/\/api.w.org\/{rel}","templated":true}]}}