{"id":229914,"date":"2026-01-15T12:57:16","date_gmt":"2026-01-15T12:57:16","guid":{"rendered":"https:\/\/www.europesays.com\/pt\/229914\/"},"modified":"2026-01-15T12:57:16","modified_gmt":"2026-01-15T12:57:16","slug":"casados-de-fresco-goncalo-e-sofia-sao-marido-e-mulher","status":"publish","type":"post","link":"https:\/\/www.europesays.com\/pt\/229914\/","title":{"rendered":"Casados de fresco! Gon\u00e7alo e Sofia s\u00e3o marido e mulher"},"content":{"rendered":"<p>Em\u00a0<a href=\"https:\/\/sic.pt\/programas\/a-heranca\/temporada-final\" target=\"_blank\" rel=\"noopener noreferrer nofollow\">&#8216;A Heran\u00e7a&#8217;<\/a>, Sofia declara a Gon\u00e7alo que ningu\u00e9m, nem a doen\u00e7a a far\u00e1 desistir dele. Admite que o ama e quer ficar ao seu lado para o bem e para o mal. Gon\u00e7alo n\u00e3o consegue controlar as l\u00e1grimas e aceita casar. Os dois beijam-se e os convidados aplaudem-nos em alegria. Ora veja a galeria acima!<\/p>\n<p><strong>Veja tamb\u00e9m: <\/strong><a href=\"https:\/\/sic.pt\/programas\/a-heranca\/temporada-final\/fotos\/2026-01-13-elegancia-e-simplicidade-sofia-escolhe-vestido-delicado-para-o-casamento-f99d7b24?utm_source=sic&amp;utm_medium=category&amp;utm_campaign=WEB&amp;utm_content=\/programas\/a-heranca\/temporada-final\/fotos\/2026-01-13-elegancia-e-simplicidade-sofia-escolhe-vestido-delicado-para-o-casamento-f99d7b24\" target=\"_self\" rel=\"nofollow noopener\"><strong>Eleg\u00e2ncia e simplicidade! Sofia escolhe vestido delicado para o casamento<\/strong><\/a><\/p>\n","protected":false},"excerpt":{"rendered":"Em\u00a0&#8216;A Heran\u00e7a&#8217;, Sofia declara a Gon\u00e7alo que ningu\u00e9m, nem a doen\u00e7a a far\u00e1 desistir dele. Admite que o&hellip;\n","protected":false},"author":2,"featured_media":229915,"comment_status":"","ping_status":"","sticky":false,"template":"","format":"standard","meta":{"footnotes":""},"categories":[85],"tags":[114,115,32,33],"class_list":{"0":"post-229914","1":"post","2":"type-post","3":"status-publish","4":"format-standard","5":"has-post-thumbnail","7":"category-entretenimento","8":"tag-entertainment","9":"tag-entretenimento","10":"tag-portugal","11":"tag-pt"},"share_on_mastodon":{"url":"https:\/\/pubeurope.com\/@pt\/115899232655258399","error":""},"_links":{"self":[{"href":"https:\/\/www.europesays.com\/pt\/wp-json\/wp\/v2\/posts\/229914","targetHints":{"allow":["GET"]}}],"collection":[{"href":"https:\/\/www.europesays.com\/pt\/wp-json\/wp\/v2\/posts"}],"about":[{"href":"https:\/\/www.europesays.com\/pt\/wp-json\/wp\/v2\/types\/post"}],"author":[{"embeddable":true,"href":"https:\/\/www.europesays.com\/pt\/wp-json\/wp\/v2\/users\/2"}],"replies":[{"embeddable":true,"href":"https:\/\/www.europesays.com\/pt\/wp-json\/wp\/v2\/comments?post=229914"}],"version-history":[{"count":0,"href":"https:\/\/www.europesays.com\/pt\/wp-json\/wp\/v2\/posts\/229914\/revisions"}],"wp:featuredmedia":[{"embeddable":true,"href":"https:\/\/www.europesays.com\/pt\/wp-json\/wp\/v2\/media\/229915"}],"wp:attachment":[{"href":"https:\/\/www.europesays.com\/pt\/wp-json\/wp\/v2\/media?parent=229914"}],"wp:term":[{"taxonomy":"category","embeddable":true,"href":"https:\/\/www.europesays.com\/pt\/wp-json\/wp\/v2\/categories?post=229914"},{"taxonomy":"post_tag","embeddable":true,"href":"https:\/\/www.europesays.com\/pt\/wp-json\/wp\/v2\/tags?post=229914"}],"curies":[{"name":"wp","href":"https:\/\/api.w.org\/{rel}","templated":true}]}}