{"id":229962,"date":"2026-01-15T13:44:08","date_gmt":"2026-01-15T13:44:08","guid":{"rendered":"https:\/\/www.europesays.com\/pt\/229962\/"},"modified":"2026-01-15T13:44:08","modified_gmt":"2026-01-15T13:44:08","slug":"tribunal-acusa-ex-advogado-de-socrates-de-ma-fe-e-abuso-observador","status":"publish","type":"post","link":"https:\/\/www.europesays.com\/pt\/229962\/","title":{"rendered":"Tribunal acusa ex-advogado de S\u00f3crates de &#8220;m\u00e1 f\u00e9&#8221; e abuso \u2013 Observador"},"content":{"rendered":"<p>A ren\u00fancia do advogado Jos\u00e9 Preto \u00e0 defesa de Jos\u00e9 S\u00f3crates no julgamento da Opera\u00e7\u00e3o Marqu\u00eas constitui um \u201cuso abusivo\u201d do Direito e que tem como \u00fanico objetivo voltar a interromper os trabalhos do tribunal, acusando o agora ex-mandat\u00e1rio do antigo primeiro-ministro de uma conduta que se enquadra numa \u201cm\u00e1 f\u00e9 processual\u201d.<\/p>\n<p>\u201cResulta evidente do exposto no requerimento apresentado pretender-se, atrav\u00e9s desta, provocar uma interrup\u00e7\u00e3o na audi\u00eancia de julgamento em curso\u201d e \u201cprovocar atraso na conclus\u00e3o do julgamento\u201d, sublinharam as ju\u00edzas Susana Seca, Alexandra Pereira e Rita Seabra, em alus\u00e3o ao prazo de 20 dias para constituir novo advogado.<\/p>\n<blockquote class=\"wp-embedded-content\" data-secret=\"uhNeoe174g\">\n<p><a href=\"https:\/\/observador.pt\/programas\/justica-cega\/marques-esquema-de-ficar-sem-advogado-nao-e-novo\/\" rel=\"nofollow noopener\" target=\"_blank\">Marqu\u00eas. \u201cEsquema de ficar sem advogado n\u00e3o \u00e9 novo\u201d<\/a><\/p>\n<\/blockquote>\n<p>Num despacho proferido com data de quarta-feira, as ju\u00edzas lembraram que o julgamento j\u00e1 esteve interrompido durante dois meses na sequ\u00eancia da anterior ren\u00fancia de Pedro Delille \u00e0 representa\u00e7\u00e3o de Jos\u00e9 S\u00f3crates e que \u201ca lei n\u00e3o prev\u00ea o direito de arguido recusar a nomea\u00e7\u00e3o de defensor oficioso\u201d, apesar de atribuir o direito a \u201cconstituir advogado em qualquer altura do processo\u201d.<\/p>\n<p>Considerando que Jos\u00e9 Preto fundamenta a sua ren\u00fancia \u201cpor discordar de decis\u00f5es do Tribunal\u201d, as ju\u00edzas criticaram a utiliza\u00e7\u00e3o da ren\u00fancia como solu\u00e7\u00e3o para essa discord\u00e2ncia. \u201cA possibilidade de ren\u00fancia n\u00e3o est\u00e1 prevista na lei para servir como forma de rea\u00e7\u00e3o contra decis\u00f5es judiciais (para isso servem os recursos e restantes meios de impugna\u00e7\u00e3o) e muito menos para for\u00e7ar a interrup\u00e7\u00e3o da audi\u00eancia\u201d, vincaram.<\/p>\n<p>\u201cTal conduta, para al\u00e9m de potencialmente violadora de deveres estatut\u00e1rios, \u00e9, para o que a estes autos respeita, <strong>reveladora de um uso abusivo do meio processual em apre\u00e7o<\/strong>\u201c, salientou o coletivo de julgamento, sem deixar de notar que integra igualmente \u201ca no\u00e7\u00e3o legal de m\u00e1 f\u00e9 processual\u201d.<\/p>\n<blockquote class=\"wp-embedded-content\" data-secret=\"szKaMUuhzW\">\n<p><a href=\"https:\/\/observador.pt\/2026\/01\/14\/escaria-rebate-cronologia-das-suspeitas-do-mp-sobre-eventual-favorecimento-do-grupo-lena-na-venezuela\/\" rel=\"nofollow noopener\" target=\"_blank\">Antigo administrador da ESCOM valida liga\u00e7\u00e3o de pagamentos do GES a Carlos Santos Silva devido OPA sobre a PT<\/a><\/p>\n<\/blockquote>\n<p>\u201cFoi exercido o correspondente direito de forma ileg\u00edtima\u201d, a fim de ter um impacto negativo no julgamento. \u201cA interrup\u00e7\u00e3o pretendida conduz ao<strong> entorpecimento na realiza\u00e7\u00e3o da justi\u00e7a, com ofensa ao principio da continuidade da audi\u00eancia de julgamento, da celeridade processual e do direito a um processo justo e equitativo num prazo razo\u00e1vel, de todos os arguidos<\/strong>, como aqui claramente se parece pretender\u201d, l\u00ea-se no despacho a que o Observador teve acesso.<\/p>\n<p>Perante a sa\u00edda de Jos\u00e9 Preto e a nomea\u00e7\u00e3o da defensora oficiosa Ana Velho j\u00e1 na semana passada, ent\u00e3o em virtude da impossibilidade da presen\u00e7a do advogado por raz\u00f5es de sa\u00fade, as ju\u00edzas n\u00e3o interrompem o julgamento. Assim, determinaram a continuidade dos trabalhos com a representa\u00e7\u00e3o de Jos\u00e9 S\u00f3crates assegurada por Ana Velho.<\/p>\n<p>\u201cUma vez que, em virtude da aus\u00eancia do sr. dr. Jos\u00e9 Preto, por motivo de doen\u00e7a, foi j\u00e1 nomeada a sra. dra. Ana Velho, que se encontra a assegurar a defesa do arguido Jos\u00e9 S\u00f3crates, por forma a otimizar o trabalho por esta desenvolvido, e a evitar a pr\u00e1tica de atos in\u00fateis, ao inv\u00e9s da nomea\u00e7\u00e3o de novo Defensor, determina-se a manuten\u00e7\u00e3o daquela defensora em fun\u00e7\u00f5es\u201d, conclu\u00edram.<\/p>\n","protected":false},"excerpt":{"rendered":"A ren\u00fancia do advogado Jos\u00e9 Preto \u00e0 defesa de Jos\u00e9 S\u00f3crates no julgamento da Opera\u00e7\u00e3o Marqu\u00eas constitui um&hellip;\n","protected":false},"author":2,"featured_media":229963,"comment_status":"","ping_status":"","sticky":false,"template":"","format":"standard","meta":{"footnotes":""},"categories":[8],"tags":[27,28,15,16,14,300,25,26,21,22,12,13,19,20,24429,32,23,24,33,17,18,29,30,31],"class_list":{"0":"post-229962","1":"post","2":"type-post","3":"status-publish","4":"format-standard","5":"has-post-thumbnail","7":"category-principais-noticias","8":"tag-breaking-news","9":"tag-breakingnews","10":"tag-featured-news","11":"tag-featurednews","12":"tag-headlines","13":"tag-justiu00e7a","14":"tag-latest-news","15":"tag-latestnews","16":"tag-main-news","17":"tag-mainnews","18":"tag-news","19":"tag-noticias","20":"tag-noticias-principais","21":"tag-noticiasprincipais","22":"tag-operau00e7u00e3o-marquu00eas","23":"tag-portugal","24":"tag-principais-noticias","25":"tag-principaisnoticias","26":"tag-pt","27":"tag-top-stories","28":"tag-topstories","29":"tag-ultimas","30":"tag-ultimas-noticias","31":"tag-ultimasnoticias"},"share_on_mastodon":{"url":"https:\/\/pubeurope.com\/@pt\/115899417516930602","error":""},"_links":{"self":[{"href":"https:\/\/www.europesays.com\/pt\/wp-json\/wp\/v2\/posts\/229962","targetHints":{"allow":["GET"]}}],"collection":[{"href":"https:\/\/www.europesays.com\/pt\/wp-json\/wp\/v2\/posts"}],"about":[{"href":"https:\/\/www.europesays.com\/pt\/wp-json\/wp\/v2\/types\/post"}],"author":[{"embeddable":true,"href":"https:\/\/www.europesays.com\/pt\/wp-json\/wp\/v2\/users\/2"}],"replies":[{"embeddable":true,"href":"https:\/\/www.europesays.com\/pt\/wp-json\/wp\/v2\/comments?post=229962"}],"version-history":[{"count":0,"href":"https:\/\/www.europesays.com\/pt\/wp-json\/wp\/v2\/posts\/229962\/revisions"}],"wp:featuredmedia":[{"embeddable":true,"href":"https:\/\/www.europesays.com\/pt\/wp-json\/wp\/v2\/media\/229963"}],"wp:attachment":[{"href":"https:\/\/www.europesays.com\/pt\/wp-json\/wp\/v2\/media?parent=229962"}],"wp:term":[{"taxonomy":"category","embeddable":true,"href":"https:\/\/www.europesays.com\/pt\/wp-json\/wp\/v2\/categories?post=229962"},{"taxonomy":"post_tag","embeddable":true,"href":"https:\/\/www.europesays.com\/pt\/wp-json\/wp\/v2\/tags?post=229962"}],"curies":[{"name":"wp","href":"https:\/\/api.w.org\/{rel}","templated":true}]}}