{"id":22999,"date":"2025-08-10T00:24:08","date_gmt":"2025-08-10T00:24:08","guid":{"rendered":"https:\/\/www.europesays.com\/pt\/22999\/"},"modified":"2025-08-10T00:24:08","modified_gmt":"2025-08-10T00:24:08","slug":"coreia-do-norte-comeca-a-retirar-altifalantes-da-sua-fronteira-sul-coreia-do-norte","status":"publish","type":"post","link":"https:\/\/www.europesays.com\/pt\/22999\/","title":{"rendered":"Coreia do Norte come\u00e7a a retirar altifalantes da sua fronteira sul | Coreia do Norte"},"content":{"rendered":"<p>As autoridades da Coreia do Norte come\u00e7aram este s\u00e1bado a retirar alguns altifalantes instalados ao longo da fronteira com o vizinho do sul para a difus\u00e3o de propaganda, ap\u00f3s uma <a href=\"https:\/\/www.publico.pt\/2025\/08\/04\/mundo\/noticia\/coreia-sul-comeca-remover-altifalantes-fronteira-coreia-norte-2142848\" rel=\"nofollow noopener\" target=\"_blank\">medida<\/a> semelhante promovida por Seul, cujo <a href=\"https:\/\/www.publico.pt\/2025\/06\/03\/mundo\/noticia\/candidato-liberal-proximo-presidencia-coreia-sul-2135364\" rel=\"nofollow noopener\" target=\"_blank\">novo<\/a> Presidente procura reduzir a tens\u00e3o entre os dois pa\u00edses.<\/p>\n<p>O Estado-Maior Conjunto da Coreia do Sul informou que detectou actividades das for\u00e7as norte-coreanas em alguns pontos da fronteira comum, embora tenha salientado que continuar\u00e1 a monitorizar os seus movimentos para determinar se tal acontece em toda a zona fronteiri\u00e7a, segundo a ag\u00eancia de not\u00edcias Yonhap.<\/p>\n<p>Ap\u00f3s assumir o cargo no in\u00edcio de Junho, o Presidente sul-coreano, Lee Jae-myung, ordenou a suspens\u00e3o das transmiss\u00f5es na fronteira e apelou aos activistas para que deixassem de distribuir panfletos com informa\u00e7\u00e3o contr\u00e1ria a Pyongyang.<\/p>\n<p>No entanto, Kim Yo-jong, irm\u00e3 do l\u00edder norte-coreano, Kim Jong-un, afirmou que nenhuma das medidas recentemente promovidas por Seul para tentar aproximar posi\u00e7\u00f5es &#8220;\u00e9 digna de elogio&#8221;. &#8220;N\u00e3o h\u00e1 motivo para nos reunirmos nem assunto a discutir com a Rep\u00fablica da Coreia&#8221;, declarou.<\/p>\n<p>Os dois pa\u00edses continuam tecnicamente em guerra, uma vez que a Guerra da Coreia (1950-1953) n\u00e3o terminou com um acordo de paz, mas sim com um armist\u00edcio, sem que as partes tenham conseguido at\u00e9 agora chegar a um pacto que ponha oficialmente fim \u00e0s tens\u00f5es.<\/p>\n","protected":false},"excerpt":{"rendered":"As autoridades da Coreia do Norte come\u00e7aram este s\u00e1bado a retirar alguns altifalantes instalados ao longo da fronteira&hellip;\n","protected":false},"author":2,"featured_media":23000,"comment_status":"","ping_status":"","sticky":false,"template":"","format":"standard","meta":{"footnotes":""},"categories":[50],"tags":[27,28,3459,3092,15,16,14,3899,25,26,21,22,62,12,13,19,20,23,24,17,18,29,30,31,63,64,65],"class_list":{"0":"post-22999","1":"post","2":"type-post","3":"status-publish","4":"format-standard","5":"has-post-thumbnail","7":"category-mundo","8":"tag-breaking-news","9":"tag-breakingnews","10":"tag-coreia-do-norte","11":"tag-coreia-do-sul","12":"tag-featured-news","13":"tag-featurednews","14":"tag-headlines","15":"tag-kim-jong-un","16":"tag-latest-news","17":"tag-latestnews","18":"tag-main-news","19":"tag-mainnews","20":"tag-mundo","21":"tag-news","22":"tag-noticias","23":"tag-noticias-principais","24":"tag-noticiasprincipais","25":"tag-principais-noticias","26":"tag-principaisnoticias","27":"tag-top-stories","28":"tag-topstories","29":"tag-ultimas","30":"tag-ultimas-noticias","31":"tag-ultimasnoticias","32":"tag-world","33":"tag-world-news","34":"tag-worldnews"},"share_on_mastodon":{"url":"","error":""},"_links":{"self":[{"href":"https:\/\/www.europesays.com\/pt\/wp-json\/wp\/v2\/posts\/22999","targetHints":{"allow":["GET"]}}],"collection":[{"href":"https:\/\/www.europesays.com\/pt\/wp-json\/wp\/v2\/posts"}],"about":[{"href":"https:\/\/www.europesays.com\/pt\/wp-json\/wp\/v2\/types\/post"}],"author":[{"embeddable":true,"href":"https:\/\/www.europesays.com\/pt\/wp-json\/wp\/v2\/users\/2"}],"replies":[{"embeddable":true,"href":"https:\/\/www.europesays.com\/pt\/wp-json\/wp\/v2\/comments?post=22999"}],"version-history":[{"count":0,"href":"https:\/\/www.europesays.com\/pt\/wp-json\/wp\/v2\/posts\/22999\/revisions"}],"wp:featuredmedia":[{"embeddable":true,"href":"https:\/\/www.europesays.com\/pt\/wp-json\/wp\/v2\/media\/23000"}],"wp:attachment":[{"href":"https:\/\/www.europesays.com\/pt\/wp-json\/wp\/v2\/media?parent=22999"}],"wp:term":[{"taxonomy":"category","embeddable":true,"href":"https:\/\/www.europesays.com\/pt\/wp-json\/wp\/v2\/categories?post=22999"},{"taxonomy":"post_tag","embeddable":true,"href":"https:\/\/www.europesays.com\/pt\/wp-json\/wp\/v2\/tags?post=22999"}],"curies":[{"name":"wp","href":"https:\/\/api.w.org\/{rel}","templated":true}]}}