{"id":230000,"date":"2026-01-15T14:19:08","date_gmt":"2026-01-15T14:19:08","guid":{"rendered":"https:\/\/www.europesays.com\/pt\/230000\/"},"modified":"2026-01-15T14:19:08","modified_gmt":"2026-01-15T14:19:08","slug":"botafogo-faz-sondagem-por-defesa-central-do-fc-porto","status":"publish","type":"post","link":"https:\/\/www.europesays.com\/pt\/230000\/","title":{"rendered":"Botafogo faz sondagem por defesa central do FC Porto"},"content":{"rendered":"<p>&#8211; Advertisement &#8211;<\/p>\n<p><strong>O Botafogo realizou uma sondagem pelo central Felipe Silva. O jogador brasileiro pertence aos quadros do FC Porto.<\/strong><\/p>\n<p>O Botafogo realizou recentemente uma sondagem por Felipe Silva, defesa central que pertence aos quadros do FC Porto. A informa\u00e7\u00e3o est\u00e1 a ser avan\u00e7ada pela R\u00e1dio Tupi. O jogador n\u00e3o est\u00e1 nos planos de Francesco Farioli, mas \u00e9 um nome habitual para Jo\u00e3o Brand\u00e3o, na equipa B.<\/p>\n<p>Felipe Silva tem 23 anos e chegou ao Drag\u00e3o em 2024, inicialmente por empr\u00e9stimo do Gil Vicente, acabou por convencer a estrutura em contrat\u00e1-lo em definitivo. Na presente temporada soma 15 encontros, com um golo marcado pelo FC Porto B.<\/p>\n<p>O seu contrato \u00e9 v\u00e1lido at\u00e9 ao ver\u00e3o de 2029, contando com uma cl\u00e1usula de rescis\u00e3o de 20 milh\u00f5es de euros. O Botafogo \u00e9 orientado por<a href=\"https:\/\/bolanarede.pt\/etiqueta\/martin-anselmi\/\" target=\"_blank\" rel=\"noreferrer noopener nofollow\"> Mart\u00edn Anselmi<\/a>, que orientou os azuis e brancos em parte de 2024\/25. <\/p>\n","protected":false},"excerpt":{"rendered":"&#8211; Advertisement &#8211; O Botafogo realizou uma sondagem pelo central Felipe Silva. O jogador brasileiro pertence aos quadros&hellip;\n","protected":false},"author":2,"featured_media":230001,"comment_status":"","ping_status":"","sticky":false,"template":"","format":"standard","meta":{"footnotes":""},"categories":[87],"tags":[260,2253,135,478,282,44120,7649,32,33,134],"class_list":{"0":"post-230000","1":"post","2":"type-post","3":"status-publish","4":"format-standard","5":"has-post-thumbnail","7":"category-desporto","8":"tag-atualidade","9":"tag-botafogo","10":"tag-desporto","11":"tag-destaques-bnr","12":"tag-fc-porto","13":"tag-felipe-silva","14":"tag-martin-anselmi","15":"tag-portugal","16":"tag-pt","17":"tag-sports"},"share_on_mastodon":{"url":"https:\/\/pubeurope.com\/@pt\/115899555084597874","error":""},"_links":{"self":[{"href":"https:\/\/www.europesays.com\/pt\/wp-json\/wp\/v2\/posts\/230000","targetHints":{"allow":["GET"]}}],"collection":[{"href":"https:\/\/www.europesays.com\/pt\/wp-json\/wp\/v2\/posts"}],"about":[{"href":"https:\/\/www.europesays.com\/pt\/wp-json\/wp\/v2\/types\/post"}],"author":[{"embeddable":true,"href":"https:\/\/www.europesays.com\/pt\/wp-json\/wp\/v2\/users\/2"}],"replies":[{"embeddable":true,"href":"https:\/\/www.europesays.com\/pt\/wp-json\/wp\/v2\/comments?post=230000"}],"version-history":[{"count":0,"href":"https:\/\/www.europesays.com\/pt\/wp-json\/wp\/v2\/posts\/230000\/revisions"}],"wp:featuredmedia":[{"embeddable":true,"href":"https:\/\/www.europesays.com\/pt\/wp-json\/wp\/v2\/media\/230001"}],"wp:attachment":[{"href":"https:\/\/www.europesays.com\/pt\/wp-json\/wp\/v2\/media?parent=230000"}],"wp:term":[{"taxonomy":"category","embeddable":true,"href":"https:\/\/www.europesays.com\/pt\/wp-json\/wp\/v2\/categories?post=230000"},{"taxonomy":"post_tag","embeddable":true,"href":"https:\/\/www.europesays.com\/pt\/wp-json\/wp\/v2\/tags?post=230000"}],"curies":[{"name":"wp","href":"https:\/\/api.w.org\/{rel}","templated":true}]}}