{"id":230006,"date":"2026-01-15T14:24:08","date_gmt":"2026-01-15T14:24:08","guid":{"rendered":"https:\/\/www.europesays.com\/pt\/230006\/"},"modified":"2026-01-15T14:24:08","modified_gmt":"2026-01-15T14:24:08","slug":"nove-datas-que-vao-testar-a-europa-em-2026","status":"publish","type":"post","link":"https:\/\/www.europesays.com\/pt\/230006\/","title":{"rendered":"nove datas que v\u00e3o &#8216;testar&#8217; a Europa em 2026"},"content":{"rendered":"<p>O ano pol\u00edtico europeu arranca sob o signo de velhas disputas e novas press\u00f5es geopol\u00edticas, com a Gronel\u00e2ndia no centro das aten\u00e7\u00f5es ap\u00f3s os Estados Unidos reafirmarem a inten\u00e7\u00e3o de assumir o controlo da ilha por raz\u00f5es de seguran\u00e7a nacional. 2026 ainda mal come\u00e7ou e j\u00e1 est\u00e1 marcado por acontecimentos que prometem definir o rumo da Europa. Entre tratados comerciais, elei\u00e7\u00f5es e conflitos, estas nove datas destacam-se como decisivas para o continente, segundo an\u00e1lise do \u2018El Confidencial\u2019.<\/p>\n<p><strong>Janeiro \u2013 Acordo UE-Mercosul aprovado<\/strong><\/p>\n<p>Ap\u00f3s 25 anos de negocia\u00e7\u00f5es, a Uni\u00e3o Europeia aprovou por maioria qualificada o acordo de livre-com\u00e9rcio com o Mercosul, composto por Brasil, Argentina, Paraguai e Uruguai. A vota\u00e7\u00e3o contou com oposi\u00e7\u00e3o de Fran\u00e7a, Pol\u00f3nia, \u00c1ustria, Hungria e Irlanda, com protestos de agricultores que ocuparam ruas com tratores. A assinatura oficial est\u00e1 prevista para esta sexta-feira, no Paraguai. A presidente da Comiss\u00e3o Europeia comprometeu-se a disponibilizar \u20ac45 mil milh\u00f5es de financiamento a partir de 2028 para convencer os membros indecisos.<\/p>\n<p><strong>14 de janeiro \u2013 Reuni\u00e3o UE-EUA sobre a Gronel\u00e2ndia<\/strong><\/p>\n<p>O <a href=\"https:\/\/executivedigest.sapo.pt\/o-homem-que-odeia-a-europa-lidera-reuniao-em-washington-sobre-gronelandia-jd-vance-eleva-tensao-entre-eua-e-aliados\/\" rel=\"nofollow noopener\" target=\"_blank\">vice-presidente americano JD Vance<\/a> e o secret\u00e1rio de Estado Marco Rubio encontraram-se na Casa Branca com o ministro dos Neg\u00f3cios Estrangeiros dinamarqu\u00eas, Lars L\u00f8kke Rasmussen, para discutir a ilha. Trump declarou publicamente que a Gronel\u00e2ndia estaria \u201cmuito melhor administrada\u201d sob controlo dos EUA, provocando uma intensifica\u00e7\u00e3o da presen\u00e7a militar dinamarquesa no territ\u00f3rio aut\u00f3nomo.<\/p>\n<p><strong>24 de fevereiro \u2013 Quatro anos de guerra na Ucr\u00e2nia<\/strong><\/p>\n<p>A data assinala o quarto ano do conflito. O presidente ucraniano, Volodymyr Zelensky, afirmou que o pa\u00eds est\u00e1 \u201c90% pronto\u201d para um acordo de paz, mas reiterou que n\u00e3o aceitar\u00e1 solu\u00e7\u00f5es que comprometam a soberania nacional.<\/p>\n<p><strong>15 e 22 de mar\u00e7o \u2013 Elei\u00e7\u00f5es municipais em Fran\u00e7a<\/strong><\/p>\n<p>Os eleitores franceses ir\u00e3o \u00e0s urnas em dois turnos, nos dias 15 e 22 de mar\u00e7o, num processo descrito como \u201csem precedentes\u201d. A elei\u00e7\u00e3o servir\u00e1 de bar\u00f3metro para as presidenciais de 2027. Pela primeira vez, socialistas, comunistas e verdes concorrem juntos, enquanto a direita e a extrema-direita disputam fortemente as prefeituras, com destaque para Paris, Marselha e Lyon, onde o sistema de vota\u00e7\u00e3o sofreu altera\u00e7\u00f5es.<\/p>\n<p><strong>Abril \u2013 Elei\u00e7\u00f5es parlamentares na Hungria<\/strong><\/p>\n<p>As elei\u00e7\u00f5es legislativas h\u00fangaras, previstas para abril, ser\u00e3o um teste crucial para Viktor Orb\u00e1n e o seu governo \u201ciliberal\u201d, mantendo Bruxelas atenta \u00e0s condicionantes sobre Estado de Direito. A oposi\u00e7\u00e3o, liderada pelo Partido Respeito e Liberdade (TISZA) de P\u00e9ter Magyar, poder\u00e1 alterar significativamente a balan\u00e7a pol\u00edtica e influenciar decis\u00f5es europeias sobre san\u00e7\u00f5es e apoio \u00e0 Ucr\u00e2nia.<\/p>\n<p><strong>14 a 16 de junho \u2013 Cimeira do G7<\/strong><\/p>\n<p>Inicialmente prevista para 14 a 16 de junho, a cimeira foi adiada para 15 a 17 de junho, em \u00c9vian-les-Bains, Fran\u00e7a, para evitar conflito com um evento nos EUA. A reuni\u00e3o juntar\u00e1 os l\u00edderes das sete maiores economias do mundo e servir\u00e1 para debater quest\u00f5es globais de economia, seguran\u00e7a e mudan\u00e7as clim\u00e1ticas.<\/p>\n<p><strong>7 e 8 de julho \u2013 Cimeira da NATO na Turquia<\/strong><\/p>\n<p>A Turquia acolher\u00e1 a pr\u00f3xima cimeira da NATO nos dias 7 e 8 de julho. O Governo dinamarqu\u00eas alertou que qualquer ataque \u00e0 Gronel\u00e2ndia poderia comprometer seriamente a Alian\u00e7a Atl\u00e2ntica e a seguran\u00e7a europeia, sublinhando a sensibilidade geopol\u00edtica do encontro.<\/p>\n<p><strong>31 de agosto \u2013 Prazo final para os Fundos de Recupera\u00e7\u00e3o<\/strong><\/p>\n<p>Os Estados-membros da UE devem implementar as reformas e absorver os recursos do Fundo de Recupera\u00e7\u00e3o at\u00e9 31 de agosto, \u00faltimo prazo do ciclo de 2026. A press\u00e3o sobre pa\u00edses como Gr\u00e9cia poder\u00e1 agravar tens\u00f5es pol\u00edticas e sociais internas.<\/p>\n<p><strong>Outubro \u2013 Elei\u00e7\u00f5es gerais nos pa\u00edses n\u00f3rdicos<\/strong><\/p>\n<p>As elei\u00e7\u00f5es gerais na Su\u00e9cia e na Dinamarca est\u00e3o marcadas para outubro de 2026. Em ambos os pa\u00edses, a imigra\u00e7\u00e3o e as pol\u00edticas de asilo dominar\u00e3o a agenda pol\u00edtica. Na Dinamarca, o resultado poder\u00e1 refor\u00e7ar a posi\u00e7\u00e3o da primeira-ministra Mette Frederiksen face \u00e0s press\u00f5es externas, incluindo o crescente interesse americano na Gronel\u00e2ndia.<\/p>\n<p><strong>Gronel\u00e2ndia: a amea\u00e7a que paira sobre o Atl\u00e2ntico Norte<\/strong><\/p>\n<p>No final do calend\u00e1rio europeu, permanece a quest\u00e3o da Gronel\u00e2ndia. Trump mant\u00e9m a ambi\u00e7\u00e3o de adquirir a ilha, reafirmada pela Casa Branca como prioridade de seguran\u00e7a nacional. A Dinamarca refor\u00e7ou a sua presen\u00e7a militar, enquanto a popula\u00e7\u00e3o gronelandesa depende economicamente de Copenhaga. Qualquer tentativa de mudan\u00e7a de soberania ter\u00e1 impacto direto na NATO e na pol\u00edtica transatl\u00e2ntica, tornando a ilha um dos focos estrat\u00e9gicos mais sens\u00edveis de 2026.<\/p>\n","protected":false},"excerpt":{"rendered":"O ano pol\u00edtico europeu arranca sob o signo de velhas disputas e novas press\u00f5es geopol\u00edticas, com a Gronel\u00e2ndia&hellip;\n","protected":false},"author":2,"featured_media":73824,"comment_status":"","ping_status":"","sticky":false,"template":"","format":"standard","meta":{"footnotes":""},"categories":[50],"tags":[27,28,15,16,14,25,26,21,22,62,12,13,19,20,23,24,17,18,29,30,31,63,64,65],"class_list":{"0":"post-230006","1":"post","2":"type-post","3":"status-publish","4":"format-standard","5":"has-post-thumbnail","7":"category-mundo","8":"tag-breaking-news","9":"tag-breakingnews","10":"tag-featured-news","11":"tag-featurednews","12":"tag-headlines","13":"tag-latest-news","14":"tag-latestnews","15":"tag-main-news","16":"tag-mainnews","17":"tag-mundo","18":"tag-news","19":"tag-noticias","20":"tag-noticias-principais","21":"tag-noticiasprincipais","22":"tag-principais-noticias","23":"tag-principaisnoticias","24":"tag-top-stories","25":"tag-topstories","26":"tag-ultimas","27":"tag-ultimas-noticias","28":"tag-ultimasnoticias","29":"tag-world","30":"tag-world-news","31":"tag-worldnews"},"share_on_mastodon":{"url":"https:\/\/pubeurope.com\/@pt\/115899574763956777","error":""},"_links":{"self":[{"href":"https:\/\/www.europesays.com\/pt\/wp-json\/wp\/v2\/posts\/230006","targetHints":{"allow":["GET"]}}],"collection":[{"href":"https:\/\/www.europesays.com\/pt\/wp-json\/wp\/v2\/posts"}],"about":[{"href":"https:\/\/www.europesays.com\/pt\/wp-json\/wp\/v2\/types\/post"}],"author":[{"embeddable":true,"href":"https:\/\/www.europesays.com\/pt\/wp-json\/wp\/v2\/users\/2"}],"replies":[{"embeddable":true,"href":"https:\/\/www.europesays.com\/pt\/wp-json\/wp\/v2\/comments?post=230006"}],"version-history":[{"count":0,"href":"https:\/\/www.europesays.com\/pt\/wp-json\/wp\/v2\/posts\/230006\/revisions"}],"wp:featuredmedia":[{"embeddable":true,"href":"https:\/\/www.europesays.com\/pt\/wp-json\/wp\/v2\/media\/73824"}],"wp:attachment":[{"href":"https:\/\/www.europesays.com\/pt\/wp-json\/wp\/v2\/media?parent=230006"}],"wp:term":[{"taxonomy":"category","embeddable":true,"href":"https:\/\/www.europesays.com\/pt\/wp-json\/wp\/v2\/categories?post=230006"},{"taxonomy":"post_tag","embeddable":true,"href":"https:\/\/www.europesays.com\/pt\/wp-json\/wp\/v2\/tags?post=230006"}],"curies":[{"name":"wp","href":"https:\/\/api.w.org\/{rel}","templated":true}]}}