{"id":230007,"date":"2026-01-15T14:25:08","date_gmt":"2026-01-15T14:25:08","guid":{"rendered":"https:\/\/www.europesays.com\/pt\/230007\/"},"modified":"2026-01-15T14:25:08","modified_gmt":"2026-01-15T14:25:08","slug":"judiciaria-apela-a-populacao-para-identificar-cadaver","status":"publish","type":"post","link":"https:\/\/www.europesays.com\/pt\/230007\/","title":{"rendered":"Judici\u00e1ria apela \u00e0 popula\u00e7\u00e3o para identificar cad\u00e1ver"},"content":{"rendered":"\n<p class=\"p_0\">A PJ lan\u00e7ou um apelo \u00e0 popula\u00e7\u00e3o no \u00e2mbito de um inqu\u00e9rito destinado \u00e0 identifica\u00e7\u00e3o de um cad\u00e1ver em avan\u00e7ado estado de decomposi\u00e7\u00e3o, encontrado a 4 de julho de 2025, junto a uma cascata na Levada Nova dos Canhas, Calheta.<\/p>\n<p class=\"p_1\">Trata-se do corpo de um homem, com cerca de 1,80 metros de altura e peso estimado de 60 quilos, cujo reconhecimento facial n\u00e3o foi poss\u00edvel. O cad\u00e1ver apresenta v\u00e1rias tatuagens, destacando-se uma inscri\u00e7\u00e3o em l\u00edngua romena com a frase: \u201cDac\u00e3 pentru a tr\u00e3i trebuie s\u00e3 te tar\u00e3sti, ridic\u00e3-te si movi!\u201d.<\/p>\n<p class=\"p_2\">Foram ainda identificadas tr\u00eas tatuagens a preto: um escaravelho no antebra\u00e7o direito, uma imagem tribal de um lobo a uivar na regi\u00e3o umbilical e uma figura tribal representando uma silhueta feminina no antebra\u00e7o esquerdo.<\/p>\n<p class=\"p_3\">A PJ solicita que qualquer pessoa que reconhe\u00e7a as tatuagens ou o seu portador entre em contacto com o piquete da Pol\u00edcia Judici\u00e1ria da Madeira, atrav\u00e9s do telefone 291 220 800 ou do email chefepiquetefu@pj.pt<\/p>\n","protected":false},"excerpt":{"rendered":"A PJ lan\u00e7ou um apelo \u00e0 popula\u00e7\u00e3o no \u00e2mbito de um inqu\u00e9rito destinado \u00e0 identifica\u00e7\u00e3o de um cad\u00e1ver&hellip;\n","protected":false},"author":2,"featured_media":230008,"comment_status":"","ping_status":"","sticky":false,"template":"","format":"standard","meta":{"footnotes":""},"categories":[10],"tags":[27,28,15,16,14,25,26,21,22,12,13,19,20,32,23,24,33,9554,17,18,29,30,31],"class_list":{"0":"post-230007","1":"post","2":"type-post","3":"status-publish","4":"format-standard","5":"has-post-thumbnail","7":"category-portugal","8":"tag-breaking-news","9":"tag-breakingnews","10":"tag-featured-news","11":"tag-featurednews","12":"tag-headlines","13":"tag-latest-news","14":"tag-latestnews","15":"tag-main-news","16":"tag-mainnews","17":"tag-news","18":"tag-noticias","19":"tag-noticias-principais","20":"tag-noticiasprincipais","21":"tag-portugal","22":"tag-principais-noticias","23":"tag-principaisnoticias","24":"tag-pt","25":"tag-romina-barreto","26":"tag-top-stories","27":"tag-topstories","28":"tag-ultimas","29":"tag-ultimas-noticias","30":"tag-ultimasnoticias"},"share_on_mastodon":{"url":"https:\/\/pubeurope.com\/@pt\/115899578713994412","error":""},"_links":{"self":[{"href":"https:\/\/www.europesays.com\/pt\/wp-json\/wp\/v2\/posts\/230007","targetHints":{"allow":["GET"]}}],"collection":[{"href":"https:\/\/www.europesays.com\/pt\/wp-json\/wp\/v2\/posts"}],"about":[{"href":"https:\/\/www.europesays.com\/pt\/wp-json\/wp\/v2\/types\/post"}],"author":[{"embeddable":true,"href":"https:\/\/www.europesays.com\/pt\/wp-json\/wp\/v2\/users\/2"}],"replies":[{"embeddable":true,"href":"https:\/\/www.europesays.com\/pt\/wp-json\/wp\/v2\/comments?post=230007"}],"version-history":[{"count":0,"href":"https:\/\/www.europesays.com\/pt\/wp-json\/wp\/v2\/posts\/230007\/revisions"}],"wp:featuredmedia":[{"embeddable":true,"href":"https:\/\/www.europesays.com\/pt\/wp-json\/wp\/v2\/media\/230008"}],"wp:attachment":[{"href":"https:\/\/www.europesays.com\/pt\/wp-json\/wp\/v2\/media?parent=230007"}],"wp:term":[{"taxonomy":"category","embeddable":true,"href":"https:\/\/www.europesays.com\/pt\/wp-json\/wp\/v2\/categories?post=230007"},{"taxonomy":"post_tag","embeddable":true,"href":"https:\/\/www.europesays.com\/pt\/wp-json\/wp\/v2\/tags?post=230007"}],"curies":[{"name":"wp","href":"https:\/\/api.w.org\/{rel}","templated":true}]}}