{"id":230009,"date":"2026-01-15T14:26:23","date_gmt":"2026-01-15T14:26:23","guid":{"rendered":"https:\/\/www.europesays.com\/pt\/230009\/"},"modified":"2026-01-15T14:26:23","modified_gmt":"2026-01-15T14:26:23","slug":"pais-do-amaral-vende-obras-de-arte-e-imoveis-para-pagar-aos-credores","status":"publish","type":"post","link":"https:\/\/www.europesays.com\/pt\/230009\/","title":{"rendered":"Pais do Amaral vende obras de arte e im\u00f3veis para pagar aos credores"},"content":{"rendered":"<p class=\"texto\">A passar pelo seu terceiro Processo Especial de Revitaliza\u00e7\u00e3o (PER) numa d\u00e9cada, a AHS Investimentos, de Miguel Pais do Amaral, j\u00e1 delineou o plano para reembolsar os credores dos \u20ac58 milh\u00f5es que t\u00eam por receber. Mas o empres\u00e1rio solicitou praticamente tr\u00eas anos de car\u00eancia de capital, para s\u00f3 come\u00e7ar a pagar a 15 de dezembro de 2028, altura em que a AHS dever\u00e1 pagar 3% do que deve. A \u00faltima parcela ser\u00e1 a mais pesada (80%) e dever\u00e1 ser reem\u00adbolsada no final de 2032. <\/p>\n<p><a href=\"https:\/\/expresso.pt\/subscrever?action=GEN&amp;channel=BAF&amp;type=CAP&amp;source=WEB&amp;returnUrl=https:\/\/expresso.pt\/economia\/empresas\/2026-01-15-pais-do-amaral-vende-obras-de-arte-e-imoveis-para-pagar-aos-credores-c7568560&amp;utm_source=expresso&amp;utm_medium=locked_article&amp;locked=true&amp;article_id=079cbba7-d0bd-4306-bcb2-8b44a8ddec21&amp;author_id=Isabel+Vicente,Miguel+Prado,Matilde+Fieschi&amp;category=Empresas\" target=\"_self\" class=\"\" rel=\"nofollow noopener\">Subscrever<\/a>J\u00e1 \u00e9 Subscritor?Fa\u00e7a login e continue a ler<a href=\"http:\/\/expresso.pt\/codigo?redirectUrl=https:\/\/expresso.pt\/economia\/empresas\/2026-01-15-pais-do-amaral-vende-obras-de-arte-e-imoveis-para-pagar-aos-credores-c7568560\" target=\"_self\" class=\"\" rel=\"nofollow noopener\">Inserir C\u00f3digo<\/a>Comprou o Expresso?Insira o c\u00f3digo presente na Revista E para continuar a ler<\/p>\n","protected":false},"excerpt":{"rendered":"A passar pelo seu terceiro Processo Especial de Revitaliza\u00e7\u00e3o (PER) numa d\u00e9cada, a AHS Investimentos, de Miguel Pais&hellip;\n","protected":false},"author":2,"featured_media":230010,"comment_status":"","ping_status":"","sticky":false,"template":"","format":"standard","meta":{"footnotes":""},"categories":[8],"tags":[27,28,15,16,14,25,26,21,22,12,13,19,20,32,23,24,33,17,18,29,30,31],"class_list":{"0":"post-230009","1":"post","2":"type-post","3":"status-publish","4":"format-standard","5":"has-post-thumbnail","7":"category-principais-noticias","8":"tag-breaking-news","9":"tag-breakingnews","10":"tag-featured-news","11":"tag-featurednews","12":"tag-headlines","13":"tag-latest-news","14":"tag-latestnews","15":"tag-main-news","16":"tag-mainnews","17":"tag-news","18":"tag-noticias","19":"tag-noticias-principais","20":"tag-noticiasprincipais","21":"tag-portugal","22":"tag-principais-noticias","23":"tag-principaisnoticias","24":"tag-pt","25":"tag-top-stories","26":"tag-topstories","27":"tag-ultimas","28":"tag-ultimas-noticias","29":"tag-ultimasnoticias"},"share_on_mastodon":{"url":"https:\/\/pubeurope.com\/@pt\/115899582702195541","error":""},"_links":{"self":[{"href":"https:\/\/www.europesays.com\/pt\/wp-json\/wp\/v2\/posts\/230009","targetHints":{"allow":["GET"]}}],"collection":[{"href":"https:\/\/www.europesays.com\/pt\/wp-json\/wp\/v2\/posts"}],"about":[{"href":"https:\/\/www.europesays.com\/pt\/wp-json\/wp\/v2\/types\/post"}],"author":[{"embeddable":true,"href":"https:\/\/www.europesays.com\/pt\/wp-json\/wp\/v2\/users\/2"}],"replies":[{"embeddable":true,"href":"https:\/\/www.europesays.com\/pt\/wp-json\/wp\/v2\/comments?post=230009"}],"version-history":[{"count":0,"href":"https:\/\/www.europesays.com\/pt\/wp-json\/wp\/v2\/posts\/230009\/revisions"}],"wp:featuredmedia":[{"embeddable":true,"href":"https:\/\/www.europesays.com\/pt\/wp-json\/wp\/v2\/media\/230010"}],"wp:attachment":[{"href":"https:\/\/www.europesays.com\/pt\/wp-json\/wp\/v2\/media?parent=230009"}],"wp:term":[{"taxonomy":"category","embeddable":true,"href":"https:\/\/www.europesays.com\/pt\/wp-json\/wp\/v2\/categories?post=230009"},{"taxonomy":"post_tag","embeddable":true,"href":"https:\/\/www.europesays.com\/pt\/wp-json\/wp\/v2\/tags?post=230009"}],"curies":[{"name":"wp","href":"https:\/\/api.w.org\/{rel}","templated":true}]}}