{"id":23001,"date":"2025-08-10T00:25:17","date_gmt":"2025-08-10T00:25:17","guid":{"rendered":"https:\/\/www.europesays.com\/pt\/23001\/"},"modified":"2025-08-10T00:25:17","modified_gmt":"2025-08-10T00:25:17","slug":"suspeito-de-violar-adolescente-em-evora-sai-em-liberdade-observador","status":"publish","type":"post","link":"https:\/\/www.europesays.com\/pt\/23001\/","title":{"rendered":"Suspeito de violar adolescente em \u00c9vora sai em liberdade \u2013 Observador"},"content":{"rendered":"<p>Um homem estrangeiro, de 19 anos, foi detido pela Pol\u00edcia Judici\u00e1ria (PJ), na sexta-feira, j\u00e1 no aeroporto de Lisboa, por ser suspeito da viola\u00e7\u00e3o de uma adolescente, de 14 anos, em \u00c9vora, foi anunciado este s\u00e1bado.<\/p>\n<p>Em comunicado, a PJ revelou que na origem da investiga\u00e7\u00e3o, a cargo da Unidade Local de Investiga\u00e7\u00e3o Criminal (ULIC) de \u00c9vora, esteve uma den\u00fancia da m\u00e3e da v\u00edtima \u00e0 PSP local, que de imediato ativou a Judici\u00e1ria.<\/p>\n<p>De acordo com a mesma pol\u00edcia de investiga\u00e7\u00e3o criminal, \u201cos factos ocorreram na sequ\u00eancia de uma sa\u00edda \u00e0 noite de um grupo de adolescentes\u201d, que inclu\u00eda a v\u00edtima e ao qual se juntou o suspeito, no passado s\u00e1bado.<\/p>\n<p>\u201cAo in\u00edcio da madrugada, o suspeito atraiu a v\u00edtima \u00e0 sua resid\u00eancia, local onde a veio a subjugar a atos sexuais de relevo sem o seu consentimento\u201d, disse a PJ.<\/p>\n<p>O homem encontrava-se em parte incerta desde a ata do crime, tendo a ULIC emitido o respetivo alerta de interdi\u00e7\u00e3o de sa\u00edda de territ\u00f3rio nacional.<\/p>\n<p>\u201cAcabou por ser identificado e localizado na manh\u00e3 desta sexta-feira no Aeroporto de Lisboa, quando se preparava para embarcar para um pa\u00eds estrangeiro, numa opera\u00e7\u00e3o da PJ em estreita colabora\u00e7\u00e3o com a Esquadra de Controlo Fronteiri\u00e7o ali localizada\u201d, pode ler-se.<\/p>\n<p>A deten\u00e7\u00e3o foi formalizada na sequ\u00eancia da emiss\u00e3o de mandado de deten\u00e7\u00e3o fora de flagrante delito, emitido pelo Departamento de Investiga\u00e7\u00e3o e A\u00e7\u00e3o Penal \u2013 Sec\u00e7\u00e3o de \u00c9vora.<\/p>\n<p>Ao que o Observador apurou, ao ser sujeito a primeiro interrogat\u00f3rio judicial para defini\u00e7\u00e3o das medidas de coa\u00e7\u00e3o, o <strong>suspeito acabou por sair em liberdade, ficando com a obriga\u00e7\u00e3o de apresenta\u00e7\u00f5es di\u00e1rias nas autoridades<\/strong>, a entrega do passaporte e a proibi\u00e7\u00e3o de contactos com a v\u00edtima.<\/p>\n<p>Artigo atualizado \u00e0s 15h20 com as medidas de coa\u00e7\u00e3o do suspeito<\/p>\n","protected":false},"excerpt":{"rendered":"Um homem estrangeiro, de 19 anos, foi detido pela Pol\u00edcia Judici\u00e1ria (PJ), na sexta-feira, j\u00e1 no aeroporto de&hellip;\n","protected":false},"author":2,"featured_media":23002,"comment_status":"","ping_status":"","sticky":false,"template":"","format":"standard","meta":{"footnotes":""},"categories":[10],"tags":[27,28,1403,604,15,16,14,25,26,21,22,12,13,19,20,32,23,24,33,2004,58,17,18,29,30,31,8145],"class_list":{"0":"post-23001","1":"post","2":"type-post","3":"status-publish","4":"format-standard","5":"has-post-thumbnail","7":"category-portugal","8":"tag-breaking-news","9":"tag-breakingnews","10":"tag-comportamento","11":"tag-crime","12":"tag-featured-news","13":"tag-featurednews","14":"tag-headlines","15":"tag-latest-news","16":"tag-latestnews","17":"tag-main-news","18":"tag-mainnews","19":"tag-news","20":"tag-noticias","21":"tag-noticias-principais","22":"tag-noticiasprincipais","23":"tag-portugal","24":"tag-principais-noticias","25":"tag-principaisnoticias","26":"tag-pt","27":"tag-seguranu00e7a","28":"tag-sociedade","29":"tag-top-stories","30":"tag-topstories","31":"tag-ultimas","32":"tag-ultimas-noticias","33":"tag-ultimasnoticias","34":"tag-violau00e7u00e3o"},"share_on_mastodon":{"url":"","error":""},"_links":{"self":[{"href":"https:\/\/www.europesays.com\/pt\/wp-json\/wp\/v2\/posts\/23001","targetHints":{"allow":["GET"]}}],"collection":[{"href":"https:\/\/www.europesays.com\/pt\/wp-json\/wp\/v2\/posts"}],"about":[{"href":"https:\/\/www.europesays.com\/pt\/wp-json\/wp\/v2\/types\/post"}],"author":[{"embeddable":true,"href":"https:\/\/www.europesays.com\/pt\/wp-json\/wp\/v2\/users\/2"}],"replies":[{"embeddable":true,"href":"https:\/\/www.europesays.com\/pt\/wp-json\/wp\/v2\/comments?post=23001"}],"version-history":[{"count":0,"href":"https:\/\/www.europesays.com\/pt\/wp-json\/wp\/v2\/posts\/23001\/revisions"}],"wp:featuredmedia":[{"embeddable":true,"href":"https:\/\/www.europesays.com\/pt\/wp-json\/wp\/v2\/media\/23002"}],"wp:attachment":[{"href":"https:\/\/www.europesays.com\/pt\/wp-json\/wp\/v2\/media?parent=23001"}],"wp:term":[{"taxonomy":"category","embeddable":true,"href":"https:\/\/www.europesays.com\/pt\/wp-json\/wp\/v2\/categories?post=23001"},{"taxonomy":"post_tag","embeddable":true,"href":"https:\/\/www.europesays.com\/pt\/wp-json\/wp\/v2\/tags?post=23001"}],"curies":[{"name":"wp","href":"https:\/\/api.w.org\/{rel}","templated":true}]}}