{"id":230017,"date":"2026-01-15T14:34:09","date_gmt":"2026-01-15T14:34:09","guid":{"rendered":"https:\/\/www.europesays.com\/pt\/230017\/"},"modified":"2026-01-15T14:34:09","modified_gmt":"2026-01-15T14:34:09","slug":"ministerio-da-saude-e-universidade-de-oxford-firmam-acordo-para-incentivar-o-desenvolvimento-de-vacinas-contra-o-cancer","status":"publish","type":"post","link":"https:\/\/www.europesays.com\/pt\/230017\/","title":{"rendered":"Minist\u00e9rio da Sa\u00fade e Universidade de Oxford firmam acordo para incentivar o desenvolvimento de vacinas contra o c\u00e2ncer"},"content":{"rendered":"<p style=\"text-align: justify;\"><strong>Os dois pa\u00edses j\u00e1 atuaram juntos para a pesquisa no \u00e2mbito de vacinas durante a pandemia de Covid-19<\/strong><\/p>\n<p><img loading=\"lazy\" decoding=\"async\" src=\"https:\/\/www.europesays.com\/pt\/wp-content\/uploads\/2026\/01\/5573c212-c51d-4ae5-a54c-edf460934be8.jpeg\" alt=\"WhatsApp Image 2025-12-19 at 17.jpg\" width=\"768\" height=\"354\"\/>Foto: divulga\u00e7\u00e3o\/MS<\/p>\n<p style=\"font-weight: 400; text-align: justify;\">O Minist\u00e9rio da Sa\u00fade formalizou um acordo com a Universidade de Oxford para o desenvolvimento de vacinas para a preven\u00e7\u00e3o do\u00a0<strong><a style=\"font-weight: 500;\" href=\"https:\/\/www.gov.br\/saude\/pt-br\/assuntos\/saude-de-a-a-z\/c\/cancer\" target=\"_blank\" rel=\"noopener nofollow\" data-tippreview-image=\"\" data-tippreview-title=\"\" data-tippreview-enabled=\"false\">c\u00e2ncer<\/a><\/strong>.\u00a0A parceria\u00a0busca acelerar a cria\u00e7\u00e3o de terapias imunol\u00f3gicas inovadoras, ampliar o acesso equitativo e fortalecer a capacidade cient\u00edfica e tecnol\u00f3gica dos dois pa\u00edses em tecnologias de RNAm e intelig\u00eancia artificial para descoberta cient\u00edfica.\u00a0<\/p>\n<p style=\"font-weight: 400; text-align: justify;\">A assinatura da Carta de Inten\u00e7\u00f5es entre o Minist\u00e9rio da Sa\u00fade e o Centro de\u00a0Imuno oncologia\u00a0da Universidade de Oxford\u00a0do Reino Unido\u00a0tamb\u00e9m\u00a0contou com a presen\u00e7a de representantes do Centro Nacional de Pesquisa em Energia e Materiais (CNPEM), da Fiocruz e de\u00a0hospitais de\u00a0excel\u00eancia brasileiros, que\u00a0integrar\u00e3o a coopera\u00e7\u00e3o.\u00a0Outras institui\u00e7\u00f5es, como o Instituto Nacional de C\u00e2ncer (INCA), ser\u00e3o convidadas a participar das pr\u00f3ximas etapas.\u00a0<\/p>\n<p style=\"font-weight: 400; text-align: justify;\">Para a secret\u00e1ria de\u00a0<strong><a style=\"font-weight: 500;\" href=\"https:\/\/www.gov.br\/saude\/pt-br\/composicao\/sectics\" target=\"_blank\" rel=\"noopener nofollow\" data-tippreview-enabled=\"false\" data-tippreview-image=\"\" data-tippreview-title=\"\">Ci\u00eancia, Tecnologia e Inova\u00e7\u00e3o em Sa\u00fade<\/a><\/strong>, Fernanda De Negri,\u00a0\u201cEsse acordo, impulsionado pelo Minist\u00e9rio da Sa\u00fade, abre uma janela de oportunidade muito importante pra institui\u00e7\u00f5es de\u00a0pesquisa, hospitais\u00a0de excel\u00eancia e empresas brasileiras participarem, desde muito cedo, dos estudos sobre vacinas para o c\u00e2ncer. Isso nos coloca numa posi\u00e7\u00e3o mais vantajosa\u00a0no momento em que\u00a0essas vacinas,\u00a0eventualmente,\u00a0chegarem\u00a0ao mercado\u201d.\u00a0<\/p>\n<p style=\"font-weight: 400; text-align: justify;\">Est\u00e3o previstos tr\u00eas eixos estrat\u00e9gicos\u00a0que exploram descobertas cient\u00edficas em imunologia e oncologia, o uso de intelig\u00eancias artificiais para vacinas personalizadas de c\u00e2ncer e um acelerador de ensaios cl\u00ednicos binacional.\u00a0Os pr\u00f3ximos passos para estruturar o plano de a\u00e7\u00e3o ser\u00e3o\u00a0uma miss\u00e3o t\u00e9cnica\u00a0a laborat\u00f3rios e hospitais brasileiros e a forma\u00e7\u00e3o de um comit\u00ea gestor bilateral.\u00a0<\/p>\n<p style=\"font-weight: 400; text-align: justify;\"><b><strong>Parceria Brasil e Reino Unido\u00a0\u00a0\u00a0<\/strong><\/b><\/p>\n<p style=\"font-weight: 400; text-align: justify;\">No come\u00e7o de dezembro, o Minist\u00e9rio da Sa\u00fade\u00a0tamb\u00e9m\u00a0formalizou\u00a0com o Reino Unido\u00a0um acordo estrat\u00e9gico para o fortalecimento das pol\u00edticas de Avalia\u00e7\u00e3o de Tecnologias em Sa\u00fade (ATS) e modelos de acesso a tratamentos inovadores no\u00a0<a style=\"font-weight: 500;\" href=\"https:\/\/www.gov.br\/saude\/pt-br\/sus\" target=\"_blank\" rel=\"noopener nofollow\" data-tippreview-image=\"\" data-tippreview-title=\"\" data-tippreview-enabled=\"false\">Sistema \u00danico de Sa\u00fade (SUS)<\/a>.\u00a0\u00a0A parceria refor\u00e7a o compromisso do governo federal com a incorpora\u00e7\u00e3o respons\u00e1vel de tecnologias no SUS e com o fortalecimento das capacidades t\u00e9cnicas e institucionais para enfrentar desafios futuros em sa\u00fade p\u00fablica.\u00a0<\/p>\n<p style=\"font-weight: 400; text-align: justify;\"><a href=\"https:\/\/www.gov.br\/saude\/pt-br\/assuntos\/noticias\/2025\/dezembro\/ministerio-da-saude-e-universidade-de-oxford-firmam-acordo-para-incentivar-o-desenvolvimento-de-vacinas-contra-o-cancer\" target=\"_blank\" rel=\"noopener nofollow\"><strong>Fonte: Minist\u00e9rio da Sa\u00fade\u00a0<\/strong><\/a><\/p>\n<p>Curtir isso:<\/p>\n<p>Curtir Carregando&#8230;<\/p>\n<p><a class=\"sd-link-color\"\/><\/p>\n<p>\n\tRelacionado\n<\/p>\n<p>\tDescubra mais sobre Biored Brasil<\/p>\n<p class=\"has-text-align-center\" style=\"margin-top:10px;margin-bottom:10px;font-size:15px\">Assine para receber nossas not\u00edcias mais recentes por e-mail.<\/p>\n","protected":false},"excerpt":{"rendered":"Os dois pa\u00edses j\u00e1 atuaram juntos para a pesquisa no \u00e2mbito de vacinas durante a pandemia de Covid-19&hellip;\n","protected":false},"author":2,"featured_media":230018,"comment_status":"","ping_status":"","sticky":false,"template":"","format":"standard","meta":{"footnotes":""},"categories":[86],"tags":[44122,107,2775,44123,116,5951,42025,11211,44124,44125,32,33,117,44126],"class_list":{"0":"post-230017","1":"post","2":"type-post","3":"status-publish","4":"format-standard","5":"has-post-thumbnail","7":"category-saude","8":"tag-defesadosus","9":"tag-ciencia-e-tecnologia","10":"tag-cooperacao-internacional","11":"tag-desenvolvimento-tecnologico","12":"tag-health","13":"tag-imunoterapia","14":"tag-inovacao-em-saude","15":"tag-pesquisa-clinica","16":"tag-pesquisa-oncologica","17":"tag-politica-de-saude","18":"tag-portugal","19":"tag-pt","20":"tag-saude","21":"tag-vacinas-contra-o-cancer"},"share_on_mastodon":{"url":"https:\/\/pubeurope.com\/@pt\/115899614148717435","error":""},"_links":{"self":[{"href":"https:\/\/www.europesays.com\/pt\/wp-json\/wp\/v2\/posts\/230017","targetHints":{"allow":["GET"]}}],"collection":[{"href":"https:\/\/www.europesays.com\/pt\/wp-json\/wp\/v2\/posts"}],"about":[{"href":"https:\/\/www.europesays.com\/pt\/wp-json\/wp\/v2\/types\/post"}],"author":[{"embeddable":true,"href":"https:\/\/www.europesays.com\/pt\/wp-json\/wp\/v2\/users\/2"}],"replies":[{"embeddable":true,"href":"https:\/\/www.europesays.com\/pt\/wp-json\/wp\/v2\/comments?post=230017"}],"version-history":[{"count":0,"href":"https:\/\/www.europesays.com\/pt\/wp-json\/wp\/v2\/posts\/230017\/revisions"}],"wp:featuredmedia":[{"embeddable":true,"href":"https:\/\/www.europesays.com\/pt\/wp-json\/wp\/v2\/media\/230018"}],"wp:attachment":[{"href":"https:\/\/www.europesays.com\/pt\/wp-json\/wp\/v2\/media?parent=230017"}],"wp:term":[{"taxonomy":"category","embeddable":true,"href":"https:\/\/www.europesays.com\/pt\/wp-json\/wp\/v2\/categories?post=230017"},{"taxonomy":"post_tag","embeddable":true,"href":"https:\/\/www.europesays.com\/pt\/wp-json\/wp\/v2\/tags?post=230017"}],"curies":[{"name":"wp","href":"https:\/\/api.w.org\/{rel}","templated":true}]}}