{"id":230023,"date":"2026-01-15T14:37:13","date_gmt":"2026-01-15T14:37:13","guid":{"rendered":"https:\/\/www.europesays.com\/pt\/230023\/"},"modified":"2026-01-15T14:37:13","modified_gmt":"2026-01-15T14:37:13","slug":"maior-central-eolica-portuguesa-recebe-financiamento-europeu","status":"publish","type":"post","link":"https:\/\/www.europesays.com\/pt\/230023\/","title":{"rendered":"Maior central e\u00f3lica portuguesa recebe financiamento europeu"},"content":{"rendered":"<p>        Projeto de 350 milh\u00f5es vai ser integrado na gigabateria do T\u00e2mega para juntar energia e\u00f3lica  e h\u00eddrica.    <\/p>\n<p>Vai ser a maior central e\u00f3lica em Portugal quando estiver conclu\u00edda, com um total de 274 megawatts (MW) com capacidade para abastecer 400 mil pessoas, evitando a emiss\u00e3o de 230 mil toneladas de CO2 por ano.<\/p>\n<p>A Iberdrola anunciou esta quinta-feira que obteve um financiamento no montante de 175 milh\u00f5es de euros por parte do Banco Europeu de Investimento (BEI). O projeto tem um custo total de 350 milh\u00f5es de euros.<\/p>\n<p>A central vai ser integrada no complexo hidroel\u00e9trico de armazenamento por bombagem do T\u00e2mega no distrito de Vila Real, que a Iberdrola apelida de gigabateria, pela sua capacidade de reciclar \u00e1gua para voltar a ser usada para produzir eletricidade h\u00eddrica.<\/p>\n<p>A empresa espanhola explica que este ser\u00e1 o primeiro projeto nacional com uma liga\u00e7\u00e3o h\u00edbrida entre armazenamento por bombagem e energia e\u00f3lica.<\/p>\n<p>O projeto conta com duas novas centrais e\u00f3licas e tr\u00eas centrais hidroel\u00e9tricas que j\u00e1 est\u00e3o em opera\u00e7\u00e3o, entre as quais a maior barragem do pa\u00eds: a central hidroel\u00e9ctrica de Gouv\u00e3es conta com uma pot\u00eancia instalada de 880 megawatts (MW), com quatro grupos, ou turbinas, de 220 megawatts cada.<\/p>\n<p>A Iberdrola investiu um total de 1.500 milh\u00f5es de euros para construir o sistema eletroprodutor do T\u00e2mega, o maior investimento energ\u00e9tico em Portugal na \u00faltima d\u00e9cada, com quase 1,2 gigas de pot\u00eancia.<\/p>\n<p>\u201cA\u00a0hibridiza\u00e7\u00e3o\u00a0das duas tecnologias permite que a energia e\u00f3lica e a energia hidroel\u00e9trica\u00a0partilhem a mesma infraestrutura de liga\u00e7\u00e3o \u00e0 rede el\u00e9trica, otimizando a integra\u00e7\u00e3o das energias renov\u00e1veis, reduzindo o n\u00famero de infraestruturas e minimizando o impacto ambiental. Al\u00e9m disso, refor\u00e7a o papel fundamental do sistema do T\u00e2mega para a eletrifica\u00e7\u00e3o de Portugal\u201d, disse a Iberdrola em comunicado.<\/p>\n<p>A empresa espanhola destaca que \u201cao aumentar a quota de energia limpa na rede el\u00e9trica, o projeto refor\u00e7ar\u00e1 a resili\u00eancia do sistema el\u00e9trico portugu\u00eas e apoia diretamente os objetivos europeus e nacionais de redu\u00e7\u00e3o das emiss\u00f5es de carbono, diminui\u00e7\u00e3o da depend\u00eancia dos combust\u00edveis f\u00f3sseis e cumprimento de metas clim\u00e1ticas ambiciosas\u201d.<\/p>\n<p>\u201cGra\u00e7as a este novo financiamento, o BEI contribui para a seguran\u00e7a energ\u00e9tica de Portugal, potenciando sinergias entre tecnologias limpas. Ao combinar a energia e\u00f3lica e a energia hidroel\u00e9trica, o complexo do T\u00e2mega aumentar\u00e1 a produ\u00e7\u00e3o de energia limpa e otimizar\u00e1 a utiliza\u00e7\u00e3o das infraestruturas energ\u00e9ticas existentes, em benef\u00edcio dos consumidores portugueses e das economias locais\u201d, disse em comunicado Jean-Christophe Laloux do BEI.<\/p>\n<p>J\u00e1 Jose Sainz Armada da Iberdrola afirmou: \u201cEsta opera\u00e7\u00e3o com o BEI e a garantia da Cesce refor\u00e7a a nossa estrat\u00e9gia de financiamento e confirma a nossa capacidade de promover projetos estrat\u00e9gicos fundamentais na Pen\u00ednsula Ib\u00e9rica e em toda Europa, que melhoram a seguran\u00e7a energ\u00e9tica e a competitividade atrav\u00e9s da eletrifica\u00e7\u00e3o.\u201d<\/p>\n<p>\u00a0<\/p>\n","protected":false},"excerpt":{"rendered":"Projeto de 350 milh\u00f5es vai ser integrado na gigabateria do T\u00e2mega para juntar energia e\u00f3lica e h\u00eddrica. Vai&hellip;\n","protected":false},"author":2,"featured_media":230024,"comment_status":"","ping_status":"","sticky":false,"template":"","format":"standard","meta":{"footnotes":""},"categories":[83],"tags":[44128,88,89,90,2270,32368,44129,24162,32,33,44130],"class_list":{"0":"post-230023","1":"post","2":"type-post","3":"status-publish","4":"format-standard","5":"has-post-thumbnail","7":"category-empresas","8":"tag-bei","9":"tag-business","10":"tag-economy","11":"tag-empresas","12":"tag-energia","13":"tag-eolica","14":"tag-hidrica","15":"tag-iberdrola","16":"tag-portugal","17":"tag-pt","18":"tag-tamega"},"share_on_mastodon":{"url":"https:\/\/pubeurope.com\/@pt\/115899625923021386","error":""},"_links":{"self":[{"href":"https:\/\/www.europesays.com\/pt\/wp-json\/wp\/v2\/posts\/230023","targetHints":{"allow":["GET"]}}],"collection":[{"href":"https:\/\/www.europesays.com\/pt\/wp-json\/wp\/v2\/posts"}],"about":[{"href":"https:\/\/www.europesays.com\/pt\/wp-json\/wp\/v2\/types\/post"}],"author":[{"embeddable":true,"href":"https:\/\/www.europesays.com\/pt\/wp-json\/wp\/v2\/users\/2"}],"replies":[{"embeddable":true,"href":"https:\/\/www.europesays.com\/pt\/wp-json\/wp\/v2\/comments?post=230023"}],"version-history":[{"count":0,"href":"https:\/\/www.europesays.com\/pt\/wp-json\/wp\/v2\/posts\/230023\/revisions"}],"wp:featuredmedia":[{"embeddable":true,"href":"https:\/\/www.europesays.com\/pt\/wp-json\/wp\/v2\/media\/230024"}],"wp:attachment":[{"href":"https:\/\/www.europesays.com\/pt\/wp-json\/wp\/v2\/media?parent=230023"}],"wp:term":[{"taxonomy":"category","embeddable":true,"href":"https:\/\/www.europesays.com\/pt\/wp-json\/wp\/v2\/categories?post=230023"},{"taxonomy":"post_tag","embeddable":true,"href":"https:\/\/www.europesays.com\/pt\/wp-json\/wp\/v2\/tags?post=230023"}],"curies":[{"name":"wp","href":"https:\/\/api.w.org\/{rel}","templated":true}]}}