{"id":230025,"date":"2026-01-15T14:38:18","date_gmt":"2026-01-15T14:38:18","guid":{"rendered":"https:\/\/www.europesays.com\/pt\/230025\/"},"modified":"2026-01-15T14:38:18","modified_gmt":"2026-01-15T14:38:18","slug":"trump-diz-que-e-zelensky-que-esta-a-bloquear-acordo-de-paz-observador","status":"publish","type":"post","link":"https:\/\/www.europesays.com\/pt\/230025\/","title":{"rendered":"Trump diz que \u00e9 Zelensky que est\u00e1 a bloquear acordo de paz \u2013 Observador"},"content":{"rendered":"<p>Acompanhe os nossos liveblogs sobre a <a href=\"https:\/\/observador.pt\/liveblogs\/donald-trump-diz-que-volodymyr-zelensky-esta-a-bloquear-negociacoes-de-paz\/\" rel=\"nofollow noopener\" target=\"_blank\">guerra na Ucr\u00e2nia<\/a> e a <a href=\"https:\/\/observador.pt\/liveblogs\/conselho-de-seguranca-da-onu-reune-se-sobre-situacao-no-irao\/\" rel=\"nofollow noopener\" target=\"_blank\">situa\u00e7\u00e3o no Ir\u00e3o<\/a><\/p>\n<p>O Presidente dos Estados Unidos da Am\u00e9rica (EUA), Donald Trump, reiterou as garantias de seguran\u00e7a norte-americanas para Kiev. No entanto, afirmou que \u00e9 o seu hom\u00f3logo ucraniano \u2014 e n\u00e3o o russo \u2014 que est\u00e1 a bloquear um poss\u00edvel acordo de paz para a Ucr\u00e2nia. Em entrevista \u00e0 ag\u00eancia <a href=\"https:\/\/www.reuters.com\/world\/europe\/trump-says-zelenskiy-not-putin-is-holding-up-ukraine-peace-deal-2026-01-15\/\" rel=\"nofollow noopener\" target=\"_blank\">Reuters<\/a> na Sala Oval da Casa Branca, olhou para o futuro do Ir\u00e3o e assumiu ter d\u00favidas sobre a capacidade do autoproclamado herdeiro iraniano liderar o pa\u00eds no futuro.<\/p>\n<p>O l\u00edder norte-americano disse que Vladimir Putin est\u00e1 pronto para p\u00f4r fim \u00e0 invas\u00e3o russa, enquanto Volodymyr Zelensky, na sua vis\u00e3o, tem sido mais cauteloso. \u201cAcho que ele [Putin] est\u00e1 pronto para fazer um acordo. Acho que a <strong>Ucr\u00e2nia est\u00e1 menos disposta a fazer um acordo<\/strong>\u201d, afirmou.<\/p>\n<p>Quando questionado sobre o que estava a bloquear o processo de paz, Donald Trump respondeu: \u201cZelensky\u201d.<\/p>\n<p>Relativamente \u00e0 visita planeada pelos enviados especiais da Casa Branca, Steve Witkoff e Jared Kushner, a Moscovo para se reunirem com Putin, o l\u00edder norte-americano disse que <strong>n\u00e3o tem conhecimento<\/strong> de nenhum encontro previsto.<\/p>\n<p>Sobre o conflito ucraniano, Trump disse, ainda, que n\u00e3o descarta a possibilidade de se encontrar com o Presidente ucraniano no F\u00f3rum Econ\u00f3mico Mundial, em Davos, na Su\u00ed\u00e7a, que se ir\u00e1 realizar entre 19 e 23 de janeiro. Questionado sobre esta quest\u00e3o, o l\u00edder dos Estados Unidos respondeu: \u201cEu iria [a um poss\u00edvel encontro com Zelensky], se ele estiver l\u00e1. <strong>Eu vou l\u00e1 estar<\/strong>\u201c.<\/p>\n<p>O Presidente dos EUA admitiu que, apesar de considerar Reza Pahlavi simp\u00e1tico, duvida da sua capacidade para liderar o Ir\u00e3o. \u201cEle parece bastante simp\u00e1tico, mas n\u00e3o sei como se sairia com o seu pr\u00f3prio pa\u00eds. E ainda n\u00e3o cheg\u00e1mos a esse ponto\u201d, disse Donald Trump, sobre o filho do antigo x\u00e1 (monarca) iraniano, \u00e0 Reuters.<\/p>\n<p>Pahlavi, que vive fora do Ir\u00e3o desde que o seu pai foi deposto em 1979, tem sido uma voz muito ativa nos protestos recentes no pa\u00eds do M\u00e9dio Oriente. O\u00a0autoproclamado pr\u00edncipe herdeiro do Ir\u00e3o chegou a apelar \u00e0 interven\u00e7\u00e3o de Trump.<\/p>\n<p>\u201cEu n\u00e3o sei se o seu pa\u00eds aceitaria a sua lideran\u00e7a. De certeza que se o fizessem n\u00e3o teria problemas para mim\u201d, assumiu, agora, o Presidente dos EUA.\u00a0Trump admitiu a possibilidade de o regime iraniano cair na sequ\u00eancia destes protestos, mas assumiu que \u201cqualquer regime pode cair\u201d. \u201cQuer caia, quer n\u00e3o, ser\u00e1 um per\u00edodo interessante\u201d.<\/p>\n<p>Na mesma entrevista, o Presidente dos EUA confessou que, no seu entender, seria melhor para a Venezuela continuar a pertencer \u00e0 Organiza\u00e7\u00e3o dos Pa\u00edses Exportadores de Petr\u00f3leo (OPEP). No entanto, n\u00e3o sabe se isso seria bom para os norte-americanos. \u201cN\u00e3o sei se \u00e9 melhor para n\u00f3s, mas eles s\u00e3o um membro do OPEP e ainda n\u00e3o discutimos isso com eles\u201d.<\/p>\n<p>\u201cAcho que \u00e9 melhor para eles se o fizerem\u201d, disse, questionado sobre se seria bom para a Venezuela continuar a pertencer ao organismo que o pa\u00eds sul-americano ajudou a fundar e que \u00e9, atualmente, liderada por R\u00fassia e Ar\u00e1bia Saudita. A <a href=\"https:\/\/observador.pt\/especiais\/relancar-o-petroleo-na-venezuela-vai-custar-muito-demorar-anos-e-e-de-alto-risco-oito-respostas-sobre-o-que-esta-em-causa\/\" rel=\"nofollow noopener\" target=\"_blank\">Venezuela tem uma das maiores reservas mundiais de petr\u00f3leo, que nos \u00faltimos anos tem sido subexplorada<\/a>, que Trump tenciona colocar nas m\u00e3os das grandes companhias petrol\u00edferas dos EUA \u2014 depois de serem reabilitadas as infraestruturas.<\/p>\n<p>O Presidente dos EUA defendeu que n\u00e3o tem que \u201cse preocupar\u201d com os limites impostos pela OPEP \u00e0 produ\u00e7\u00e3o de petr\u00f3leo. \u201cEu n\u00e3o tenho nada que ver com a OPEP\u201d.<\/p>\n<blockquote class=\"wp-embedded-content\" data-secret=\"95b0Ccz0Lu\">\n<p><a href=\"https:\/\/observador.pt\/especiais\/relancar-o-petroleo-na-venezuela-vai-custar-muito-demorar-anos-e-e-de-alto-risco-oito-respostas-sobre-o-que-esta-em-causa\/\" rel=\"nofollow noopener\" target=\"_blank\">Relan\u00e7ar o petr\u00f3leo na Venezuela vai custar muito, demorar anos e \u00e9 de alto risco. Oito respostas sobre o que est\u00e1 em causa<\/a><\/p>\n<\/blockquote>\n<p>Donald Trump tamb\u00e9m abordou, na mesma entrevista, a morte a tiro de <a href=\"https:\/\/observador.pt\/2026\/01\/08\/mae-de-tres-filhos-poeta-e-recem-chegada-a-minneapolis-norte-americana-morta-a-tiro-pelo-ice-identificada-como-renee-good\/\" rel=\"nofollow noopener\" target=\"_blank\">Renee Good, baleada em Minnesota por um agente do ICE<\/a>. Apesar de ter condenado o \u201cpouco respeito\u201d demonstrado pela v\u00edtima aos pol\u00edcias, o Presidente assumiu um tom mais conciliador face \u00e0s primeiras rea\u00e7\u00f5es da Casa Branca \u2014 tanto do Vice-Presidente JD Vance, como por Trump nas redes sociais.<\/p>\n<p>Na Truth Social, o Presidente chegou a denunciar que a v\u00edtima era uma \u201cagitadora profissional\u201d que de forma violenta e consciente \u201c<a href=\"https:\/\/observador.pt\/2026\/01\/10\/a-ordem-para-parar-o-carro-a-arrancar-e-as-ultimas-palavras-de-renee-o-video-gravado-pelo-agente-do-ice-que-matou-uma-condutora\/\" rel=\"nofollow noopener\" target=\"_blank\">atropelou um agente do ICE\u201d, que agiu em leg\u00edtima defesa<\/a>. Agora, questionado pela ag\u00eancia, assumiu uma postura mais neutra. \u201cN\u00e3o quero entrar no certo ou errado. Eu sei que foi uma situa\u00e7\u00e3o complicada. (\u2026) \u00c9 triste de ver de ambos os lados\u201d.<\/p>\n<p>Trump disse que ia esperar para ver o desenrolar do caso, antes de confirmar se poderia perdoar o <a href=\"https:\/\/observador.pt\/2026\/01\/11\/veterano-do-exercito-esteve-no-iraque-e-trabalha-na-policia-de-imigracao-ha-mais-de-dez-anos-quem-e-o-agente-do-ice-que-matou-americana\/\" rel=\"nofollow noopener\" target=\"_blank\">agente que matou Renee<\/a>, caso este seja acusado e condenado. \u201cVamos ver o que acontece. Foi um acontecimento muito triste\u201d.<\/p>\n<blockquote class=\"wp-embedded-content\" data-secret=\"XnQ3JE4tgv\">\n<p><a href=\"https:\/\/observador.pt\/2026\/01\/11\/veterano-do-exercito-esteve-no-iraque-e-trabalha-na-policia-de-imigracao-ha-mais-de-dez-anos-quem-e-o-agente-do-ice-que-matou-americana\/\" rel=\"nofollow noopener\" target=\"_blank\">Veterano do ex\u00e9rcito, esteve no Iraque e trabalha na pol\u00edcia de imigra\u00e7\u00e3o h\u00e1 mais de dez anos. Quem \u00e9 o agente do ICE que matou americana?<\/a><\/p>\n<\/blockquote>\n","protected":false},"excerpt":{"rendered":"Acompanhe os nossos liveblogs sobre a guerra na Ucr\u00e2nia e a situa\u00e7\u00e3o no Ir\u00e3o O Presidente dos Estados&hellip;\n","protected":false},"author":2,"featured_media":230026,"comment_status":"","ping_status":"","sticky":false,"template":"","format":"standard","meta":{"footnotes":""},"categories":[50],"tags":[624,27,28,92,623,445,15,16,1123,14,11208,25,26,21,22,310,62,12,13,19,20,23,24,17,18,1124,29,30,31,63,64,65],"class_list":{"0":"post-230025","1":"post","2":"type-post","3":"status-publish","4":"format-standard","5":"has-post-thumbnail","7":"category-mundo","8":"tag-amu00e9rica","9":"tag-breaking-news","10":"tag-breakingnews","11":"tag-donald-trump","12":"tag-estados-unidos-da-amu00e9rica","13":"tag-europa","14":"tag-featured-news","15":"tag-featurednews","16":"tag-guerra-na-ucru00e2nia","17":"tag-headlines","18":"tag-iru00e3o","19":"tag-latest-news","20":"tag-latestnews","21":"tag-main-news","22":"tag-mainnews","23":"tag-mu00e9dio-oriente","24":"tag-mundo","25":"tag-news","26":"tag-noticias","27":"tag-noticias-principais","28":"tag-noticiasprincipais","29":"tag-principais-noticias","30":"tag-principaisnoticias","31":"tag-top-stories","32":"tag-topstories","33":"tag-ucru00e2nia","34":"tag-ultimas","35":"tag-ultimas-noticias","36":"tag-ultimasnoticias","37":"tag-world","38":"tag-world-news","39":"tag-worldnews"},"share_on_mastodon":{"url":"","error":"Validation failed: Text character limit of 500 exceeded"},"_links":{"self":[{"href":"https:\/\/www.europesays.com\/pt\/wp-json\/wp\/v2\/posts\/230025","targetHints":{"allow":["GET"]}}],"collection":[{"href":"https:\/\/www.europesays.com\/pt\/wp-json\/wp\/v2\/posts"}],"about":[{"href":"https:\/\/www.europesays.com\/pt\/wp-json\/wp\/v2\/types\/post"}],"author":[{"embeddable":true,"href":"https:\/\/www.europesays.com\/pt\/wp-json\/wp\/v2\/users\/2"}],"replies":[{"embeddable":true,"href":"https:\/\/www.europesays.com\/pt\/wp-json\/wp\/v2\/comments?post=230025"}],"version-history":[{"count":0,"href":"https:\/\/www.europesays.com\/pt\/wp-json\/wp\/v2\/posts\/230025\/revisions"}],"wp:featuredmedia":[{"embeddable":true,"href":"https:\/\/www.europesays.com\/pt\/wp-json\/wp\/v2\/media\/230026"}],"wp:attachment":[{"href":"https:\/\/www.europesays.com\/pt\/wp-json\/wp\/v2\/media?parent=230025"}],"wp:term":[{"taxonomy":"category","embeddable":true,"href":"https:\/\/www.europesays.com\/pt\/wp-json\/wp\/v2\/categories?post=230025"},{"taxonomy":"post_tag","embeddable":true,"href":"https:\/\/www.europesays.com\/pt\/wp-json\/wp\/v2\/tags?post=230025"}],"curies":[{"name":"wp","href":"https:\/\/api.w.org\/{rel}","templated":true}]}}