{"id":230027,"date":"2026-01-15T14:39:09","date_gmt":"2026-01-15T14:39:09","guid":{"rendered":"https:\/\/www.europesays.com\/pt\/230027\/"},"modified":"2026-01-15T14:39:09","modified_gmt":"2026-01-15T14:39:09","slug":"estacao-mais-iconica-da-linha-rubi-comeca-a-ganhar-forma","status":"publish","type":"post","link":"https:\/\/www.europesays.com\/pt\/230027\/","title":{"rendered":"Esta\u00e7\u00e3o mais ic\u00f3nica da Linha Rubi come\u00e7a a ganhar forma"},"content":{"rendered":"<p data-remotead-prev-elm=\"true\" data-remotead-elm-id=\"inread\">A esta\u00e7\u00e3o Rotunda est\u00e1 a surgir no lugar onde existia a gigantesca Rotunda Eng. Edgar Cardoso, em Vila Nova de Gaia. \u00c9 uma das seis novas esta\u00e7\u00f5es da futura Linha Rubi, que vai ligar a esta\u00e7\u00e3o Casa da M\u00fasica ( linhas Azul, Vermelha, Verde, Violeta, Laranja e Rosa) \u00e0 outra margem do Rio Douro.<\/p>\n<p>As obras arrancaram no in\u00edcio de mar\u00e7o de 2024 e dever\u00e3o estar conclu\u00eddas em dezembro deste ano. A esta\u00e7\u00e3o Rotunda integra um parque de estacionamento subterr\u00e2neo com 500 lugares e uma zona de com\u00e9rcio, servi\u00e7os e lazer.<\/p>\n<p>Com in\u00edcio na esta\u00e7\u00e3o Casa da M\u00fasica, a Linha Rubi vai ter uma extens\u00e3o de 6,4 quil\u00f3metros, uma ponte e um total de oito esta\u00e7\u00f5es: duas no Porto, a do Campo Alegre e da Casa da M\u00fasica; e seis do lado de Vila Nova de Gaia, Santo Ov\u00eddio, Soares dos Reis, Devesas, Rotunda, Candal e Arr\u00e1bida.<\/p>\n<p><img decoding=\"async\" class=\"ngx-body\" guid=\"07bb6280-f068-4c11-ae3a-ab5b4b8b2835\" src=\"https:\/\/www.europesays.com\/pt\/wp-content\/uploads\/2026\/01\/1768487949_386_image.webp.webp\" width=\"100%\"\/><br \/>Foto: Metro do Porto<\/p>\n","protected":false},"excerpt":{"rendered":"A esta\u00e7\u00e3o Rotunda est\u00e1 a surgir no lugar onde existia a gigantesca Rotunda Eng. Edgar Cardoso, em Vila&hellip;\n","protected":false},"author":2,"featured_media":230028,"comment_status":"","ping_status":"","sticky":false,"template":"","format":"standard","meta":{"footnotes":""},"categories":[10],"tags":[27,28,19635,15,16,14,25,26,23742,21,22,20058,12,13,19,20,32,23,24,33,17,18,29,30,31],"class_list":{"0":"post-230027","1":"post","2":"type-post","3":"status-publish","4":"format-standard","5":"has-post-thumbnail","7":"category-portugal","8":"tag-breaking-news","9":"tag-breakingnews","10":"tag-concelho-vila-nova-de-gaia","11":"tag-featured-news","12":"tag-featurednews","13":"tag-headlines","14":"tag-latest-news","15":"tag-latestnews","16":"tag-linha-rubi","17":"tag-main-news","18":"tag-mainnews","19":"tag-metro-do-porto","20":"tag-news","21":"tag-noticias","22":"tag-noticias-principais","23":"tag-noticiasprincipais","24":"tag-portugal","25":"tag-principais-noticias","26":"tag-principaisnoticias","27":"tag-pt","28":"tag-top-stories","29":"tag-topstories","30":"tag-ultimas","31":"tag-ultimas-noticias","32":"tag-ultimasnoticias"},"share_on_mastodon":{"url":"https:\/\/pubeurope.com\/@pt\/115899633810234531","error":""},"_links":{"self":[{"href":"https:\/\/www.europesays.com\/pt\/wp-json\/wp\/v2\/posts\/230027","targetHints":{"allow":["GET"]}}],"collection":[{"href":"https:\/\/www.europesays.com\/pt\/wp-json\/wp\/v2\/posts"}],"about":[{"href":"https:\/\/www.europesays.com\/pt\/wp-json\/wp\/v2\/types\/post"}],"author":[{"embeddable":true,"href":"https:\/\/www.europesays.com\/pt\/wp-json\/wp\/v2\/users\/2"}],"replies":[{"embeddable":true,"href":"https:\/\/www.europesays.com\/pt\/wp-json\/wp\/v2\/comments?post=230027"}],"version-history":[{"count":0,"href":"https:\/\/www.europesays.com\/pt\/wp-json\/wp\/v2\/posts\/230027\/revisions"}],"wp:featuredmedia":[{"embeddable":true,"href":"https:\/\/www.europesays.com\/pt\/wp-json\/wp\/v2\/media\/230028"}],"wp:attachment":[{"href":"https:\/\/www.europesays.com\/pt\/wp-json\/wp\/v2\/media?parent=230027"}],"wp:term":[{"taxonomy":"category","embeddable":true,"href":"https:\/\/www.europesays.com\/pt\/wp-json\/wp\/v2\/categories?post=230027"},{"taxonomy":"post_tag","embeddable":true,"href":"https:\/\/www.europesays.com\/pt\/wp-json\/wp\/v2\/tags?post=230027"}],"curies":[{"name":"wp","href":"https:\/\/api.w.org\/{rel}","templated":true}]}}