{"id":230038,"date":"2026-01-15T14:47:07","date_gmt":"2026-01-15T14:47:07","guid":{"rendered":"https:\/\/www.europesays.com\/pt\/230038\/"},"modified":"2026-01-15T14:47:07","modified_gmt":"2026-01-15T14:47:07","slug":"mais-uma-lesao-e-a-certeza-sobre-st-juste-tudo-o-que-disse-rui-borges","status":"publish","type":"post","link":"https:\/\/www.europesays.com\/pt\/230038\/","title":{"rendered":"Mais uma les\u00e3o e a certeza sobre St. Juste. Tudo o que disse Rui Borges"},"content":{"rendered":"<p>Se fosse pela parte estat\u00edstica, diria que estamos a fazer uma boa \u00e9poca, mas o que \u00e9 certo \u00e9 que quem vai \u00e0 frente, o FC Porto, est\u00e1 a fazer uma \u00e9poca fora do normal, e tem de se dar valor, porque tem m\u00e9rito. Quem est\u00e1 \u00e0 frente tem sempre m\u00e9rito. Estatisticamente, estamos dentro de uma boa \u00e9poca, mas n\u00e3o chega. Sendo o mais honesto poss\u00edvel, no in\u00edcio, disse que, para sermos novamente campe\u00f5es, n\u00e3o chega o que fizemos nos dois \u00faltimos anos. Temos de fazer melhor, e \u00e9 nessa perspetiva que olhamos para a segunda volta. Fizemos 42 pontos, na segunda volta temos de fazer, obrigatoriamente, mais, porque n\u00e3o chegou para estarmos em primeiro. N\u00e3o chega, e temos de estar bem cientes. As equipas est\u00e3o cada vez mais competitivas, e o nosso objetivo passa por fazer melhor, e temos de o fazer, para alcan\u00e7armos o nosso objetivo. Na Ta\u00e7a de Portugal, temos uma eliminat\u00f3ria com o AVS, onde queremos ser competitivos para estamos nas meias finais. Vamos lutar ao m\u00e1ximo por esses dois objetivos, e fazer a melhor presta\u00e7\u00e3o poss\u00edvel, na Liga dos Campe\u00f5es.<\/p>\n","protected":false},"excerpt":{"rendered":"Se fosse pela parte estat\u00edstica, diria que estamos a fazer uma boa \u00e9poca, mas o que \u00e9 certo&hellip;\n","protected":false},"author":2,"featured_media":230039,"comment_status":"","ping_status":"","sticky":false,"template":"","format":"standard","meta":{"footnotes":""},"categories":[87],"tags":[135,32,33,134],"class_list":{"0":"post-230038","1":"post","2":"type-post","3":"status-publish","4":"format-standard","5":"has-post-thumbnail","7":"category-desporto","8":"tag-desporto","9":"tag-portugal","10":"tag-pt","11":"tag-sports"},"share_on_mastodon":{"url":"https:\/\/pubeurope.com\/@pt\/115899665287085103","error":""},"_links":{"self":[{"href":"https:\/\/www.europesays.com\/pt\/wp-json\/wp\/v2\/posts\/230038","targetHints":{"allow":["GET"]}}],"collection":[{"href":"https:\/\/www.europesays.com\/pt\/wp-json\/wp\/v2\/posts"}],"about":[{"href":"https:\/\/www.europesays.com\/pt\/wp-json\/wp\/v2\/types\/post"}],"author":[{"embeddable":true,"href":"https:\/\/www.europesays.com\/pt\/wp-json\/wp\/v2\/users\/2"}],"replies":[{"embeddable":true,"href":"https:\/\/www.europesays.com\/pt\/wp-json\/wp\/v2\/comments?post=230038"}],"version-history":[{"count":0,"href":"https:\/\/www.europesays.com\/pt\/wp-json\/wp\/v2\/posts\/230038\/revisions"}],"wp:featuredmedia":[{"embeddable":true,"href":"https:\/\/www.europesays.com\/pt\/wp-json\/wp\/v2\/media\/230039"}],"wp:attachment":[{"href":"https:\/\/www.europesays.com\/pt\/wp-json\/wp\/v2\/media?parent=230038"}],"wp:term":[{"taxonomy":"category","embeddable":true,"href":"https:\/\/www.europesays.com\/pt\/wp-json\/wp\/v2\/categories?post=230038"},{"taxonomy":"post_tag","embeddable":true,"href":"https:\/\/www.europesays.com\/pt\/wp-json\/wp\/v2\/tags?post=230038"}],"curies":[{"name":"wp","href":"https:\/\/api.w.org\/{rel}","templated":true}]}}