{"id":230063,"date":"2026-01-15T15:04:10","date_gmt":"2026-01-15T15:04:10","guid":{"rendered":"https:\/\/www.europesays.com\/pt\/230063\/"},"modified":"2026-01-15T15:04:10","modified_gmt":"2026-01-15T15:04:10","slug":"woody-allen-vai-fazer-novo-filme-em-madrid-em-marco-com-elenco-de-peso","status":"publish","type":"post","link":"https:\/\/www.europesays.com\/pt\/230063\/","title":{"rendered":"Woody Allen vai fazer novo filme em Madrid em mar\u00e7o, com &#8220;elenco de peso&#8221;"},"content":{"rendered":"<p>Woody Allen vai come\u00e7ar a rodar em Madrid a sua 51.\u00aa longa-metragem a partir de mar\u00e7o, avan\u00e7ou a imprensa internacional.<\/p>\n<p>Ser\u00e1 o terceiro filme do lend\u00e1rio cineasta em Espanha, depois de &#8220;Vicky Cristina Barcelona&#8221; (2008) e &#8220;Rifkin&#8217;s Festival&#8221; (2020).<\/p>\n<p>O novo trabalho do cineasta de 90 anos faz parte de um alinhamento de projetos internacionais divulgado pela 3SIX9 Studios, uma produtora saudita lan\u00e7ada h\u00e1 dois anos no Festival de Cannes que inclui entre os s\u00f3cios o ator Amaury Nolasco (&#8220;Prison Break&#8221;) e o mulmilion\u00e1rio saudita Mohammed Youssef El Khereiji.<\/p>\n<p>Segundo a <a href=\"https:\/\/deadline.com\/2026\/01\/woody-allen-john-boyega-maxi-iglesias-3six9-studios-slate-1236682576\/\" target=\"_blank\" rel=\"noopener nofollow\">publica\u00e7\u00e3o &#8216;online&#8217; Deadline<\/a>, o filme ter\u00e1 um or\u00e7amento de 14 milh\u00f5es de d\u00f3lares (cerca de 10 milh\u00f5es de euros, 1,5 dos quais da C\u00e2mara Municipal de Madrid) e ser\u00e1 &#8220;em grande parte em ingl\u00eas&#8221;, com um &#8220;elenco de peso&#8221; que ainda est\u00e1 a ser definido. N\u00e3o existem informa\u00e7\u00f5es sobre a hist\u00f3ria.<\/p>\n<p>O t\u00edtulo ainda n\u00e3o \u00e9 conhecido, mas ir\u00e1 incluir Madrid pois \u00e9 uma obriga\u00e7\u00e3o contratual. O provis\u00f3rio \u00e9 &#8220;WASP 2026, uma sigla para &#8220;Woody Allen Spring Project 2026&#8221; [projeto da primavera 2026 de Woody Allen].<\/p>\n<p>Segundo as not\u00edcias, n\u00e3o faltaram interessados: as Can\u00e1rias e o Pa\u00eds Basco tamb\u00e9m ofereceram financiamento para a rodagem de um novo filme do cineasta nas suas regi\u00f5es.<\/p>\n<p>O mais recente filme de Allen \u00e9 &#8220;Golpe de Sorte&#8221;, rodado em franc\u00eas com Lou de La\u00e2ge, Melvil Poupaud e Niels Schneider, um &#8216;thriller&#8217; com algumas notas de com\u00e9dia, que assenta na premissa do acaso, das coincid\u00eancias, numa hist\u00f3ria sobre ci\u00fames, poder, romance e infidelidade conjugal.<\/p>\n<p>Bem recebido pelos cr\u00edticos, \u00e9 de 2023. O seu lan\u00e7amento foi acompanhado por d\u00favidas do pr\u00f3prio se se iria reformar e seria o \u00faltimo, para se focar na escrita.<\/p>\n<p>Em 1992, quando terminou a rela\u00e7\u00e3o de Allen com Mia Farrow, ap\u00f3s a atriz descobrir o envolvimento com a sua filha adotiva Soon-Yi Previn, surgiu a acusa\u00e7\u00e3o de ter abusado sexualmente de outra filha adotiva, Dylan, quando esta tinha sete anos.<\/p>\n<p>O cineasta negou a acusa\u00e7\u00e3o e acusou Farrow de se estar a vingar dele. Um juiz de Nova Iorque declarou as acusa\u00e7\u00f5es inconclusivas, mas criticou Allen como &#8220;egoc\u00eantrico, pouco fi\u00e1vel e insens\u00edvel&#8221;.<\/p>\n<p>Allen passou a ficar na defensiva, mas inicialmente, o esc\u00e2ndalo n\u00e3o prejudicou a produtividade: continuou a lan\u00e7ar, em m\u00e9dia, um filme por ano, atraindo consistentemente grandes nomes de Hollywood e estrelas europeias, como Leonardo DiCaprio em &#8220;Celebridades&#8221; (1998), Scarlett Johansson em &#8220;Match Point&#8221; (2005), Pen\u00e9lope Cruz e Javier Bardem em &#8220;Vicky Cristina Barcelona&#8221; (2008) e Marion Cotillard em &#8220;Meia-Noite em Paris&#8221; (2010), que valeu a Allen o quarto \u00d3scar, novamente como argumentista.<\/p>\n<p>Allen s\u00f3 viu as portas de Hollywood fecharem-se, virando-se para a Europa, onde encontrou investidores para continuar a filmar, quando Dylan reiterou as alega\u00e7\u00f5es no outono de 2017, na sequ\u00eancia do movimento #MeToo.<\/p>\n","protected":false},"excerpt":{"rendered":"Woody Allen vai come\u00e7ar a rodar em Madrid a sua 51.\u00aa longa-metragem a partir de mar\u00e7o, avan\u00e7ou a&hellip;\n","protected":false},"author":2,"featured_media":230064,"comment_status":"","ping_status":"","sticky":false,"template":"","format":"standard","meta":{"footnotes":""},"categories":[85],"tags":[114,115,32,33],"class_list":{"0":"post-230063","1":"post","2":"type-post","3":"status-publish","4":"format-standard","5":"has-post-thumbnail","7":"category-entretenimento","8":"tag-entertainment","9":"tag-entretenimento","10":"tag-portugal","11":"tag-pt"},"share_on_mastodon":{"url":"https:\/\/pubeurope.com\/@pt\/115899731990805483","error":""},"_links":{"self":[{"href":"https:\/\/www.europesays.com\/pt\/wp-json\/wp\/v2\/posts\/230063","targetHints":{"allow":["GET"]}}],"collection":[{"href":"https:\/\/www.europesays.com\/pt\/wp-json\/wp\/v2\/posts"}],"about":[{"href":"https:\/\/www.europesays.com\/pt\/wp-json\/wp\/v2\/types\/post"}],"author":[{"embeddable":true,"href":"https:\/\/www.europesays.com\/pt\/wp-json\/wp\/v2\/users\/2"}],"replies":[{"embeddable":true,"href":"https:\/\/www.europesays.com\/pt\/wp-json\/wp\/v2\/comments?post=230063"}],"version-history":[{"count":0,"href":"https:\/\/www.europesays.com\/pt\/wp-json\/wp\/v2\/posts\/230063\/revisions"}],"wp:featuredmedia":[{"embeddable":true,"href":"https:\/\/www.europesays.com\/pt\/wp-json\/wp\/v2\/media\/230064"}],"wp:attachment":[{"href":"https:\/\/www.europesays.com\/pt\/wp-json\/wp\/v2\/media?parent=230063"}],"wp:term":[{"taxonomy":"category","embeddable":true,"href":"https:\/\/www.europesays.com\/pt\/wp-json\/wp\/v2\/categories?post=230063"},{"taxonomy":"post_tag","embeddable":true,"href":"https:\/\/www.europesays.com\/pt\/wp-json\/wp\/v2\/tags?post=230063"}],"curies":[{"name":"wp","href":"https:\/\/api.w.org\/{rel}","templated":true}]}}