{"id":230065,"date":"2026-01-15T15:06:33","date_gmt":"2026-01-15T15:06:33","guid":{"rendered":"https:\/\/www.europesays.com\/pt\/230065\/"},"modified":"2026-01-15T15:06:33","modified_gmt":"2026-01-15T15:06:33","slug":"edp-reconhecida-como-uma-das-melhores-empresas-do-mundo-para-trabalhar-em-2026","status":"publish","type":"post","link":"https:\/\/www.europesays.com\/pt\/230065\/","title":{"rendered":"EDP reconhecida como uma das melhores empresas do mundo para trabalhar em 2026"},"content":{"rendered":"<p>A EDP Renov\u00e1veis e a EDP voltaram a ser distinguidas como Top Employer 2026, um reconhecimento internacional que refor\u00e7a o posicionamento do grupo entre as melhores empresas do mundo para trabalhar.<\/p>\n<p>A certifica\u00e7\u00e3o, atribu\u00edda pelo Top Employers Institute, abrange este ano um total de 12 mercados, com a Alemanha a integrar, pela primeira vez, o conjunto de geografias reconhecidas.<\/p>\n<p>Esta distin\u00e7\u00e3o \u00e9 renovada pelo nono ano consecutivo e resulta de um desempenho acima da m\u00e9dia global e do setor energ\u00e9tico, refletindo o investimento cont\u00ednuo do grupo na ado\u00e7\u00e3o das melhores pr\u00e1ticas de gest\u00e3o de pessoas e na constru\u00e7\u00e3o de um ambiente de trabalho cada vez mais centrado nos colaboradores.<\/p>\n<p>Presente em quatro grandes regi\u00f5es \u2014 Europa, Am\u00e9rica do Norte, Am\u00e9rica do Sul e \u00c1sia-Pac\u00edfico \u2014, a EDP voltou a ser reconhecida em Portugal, Espanha e Brasil. J\u00e1 a EDP Renov\u00e1veis foi distinguida em Portugal, Espanha, Fran\u00e7a, It\u00e1lia, Pol\u00f3nia, Rom\u00e9nia, Brasil, Chile, Singapura, Reino Unido, Estados Unidos da Am\u00e9rica e, pela primeira vez, na Alemanha. O reconhecimento em oito pa\u00edses europeus valeu ainda \u00e0 EDP Renov\u00e1veis o selo adicional de Top Employer Europa.<\/p>\n<p>No processo de certifica\u00e7\u00e3o, o grupo foi submetido a uma auditoria rigorosa que avaliou cerca de 250 pr\u00e1ticas de gest\u00e3o de pessoas, distribu\u00eddas por 20 dimens\u00f5es da experi\u00eancia do colaborador. A EDP obteve pontua\u00e7\u00e3o m\u00e1xima nas \u00e1reas de organiza\u00e7\u00e3o e mudan\u00e7a, digitaliza\u00e7\u00e3o de recursos humanos, \u00e9tica e integridade, destacando-se igualmente nas dimens\u00f5es de desempenho, desenvolvimento, prop\u00f3sito e sustentabilidade.<\/p>\n<p>Entre as pr\u00e1ticas mais valorizadas est\u00e3o a rede global de alumni, a transpar\u00eancia na comunica\u00e7\u00e3o do modelo de compensa\u00e7\u00e3o e benef\u00edcios, o mercado global de mobilidade interna e a integra\u00e7\u00e3o e monitoriza\u00e7\u00e3o de ferramentas de intelig\u00eancia artificial nos processos de recursos humanos.<\/p>\n<p>Segundo a empresa, estes resultados refletem o compromisso em promover um ambiente de trabalho \u00e1gil, equilibrado e orientado para o desenvolvimento dos colaboradores, alinhado com as tend\u00eancias emergentes do mercado global.<\/p>\n<p>Com mais de 30 anos de experi\u00eancia, o Top Employers Institute j\u00e1 certificou mais de 2.500 organiza\u00e7\u00f5es em todo o mundo, sendo uma refer\u00eancia internacional na identifica\u00e7\u00e3o das melhores pr\u00e1ticas de gest\u00e3o de pessoas. Certificada desde 2018, a EDP tem vindo a alargar, edi\u00e7\u00e3o ap\u00f3s edi\u00e7\u00e3o, o alcance desta distin\u00e7\u00e3o a novas geografias, beneficiando de recomenda\u00e7\u00f5es especializadas e de acesso \u00e0s principais tend\u00eancias do mercado.<\/p>\n","protected":false},"excerpt":{"rendered":"A EDP Renov\u00e1veis e a EDP voltaram a ser distinguidas como Top Employer 2026, um reconhecimento internacional que&hellip;\n","protected":false},"author":2,"featured_media":230066,"comment_status":"","ping_status":"","sticky":false,"template":"","format":"standard","meta":{"footnotes":""},"categories":[83],"tags":[88,89,90,32,33],"class_list":{"0":"post-230065","1":"post","2":"type-post","3":"status-publish","4":"format-standard","5":"has-post-thumbnail","7":"category-empresas","8":"tag-business","9":"tag-economy","10":"tag-empresas","11":"tag-portugal","12":"tag-pt"},"share_on_mastodon":{"url":"https:\/\/pubeurope.com\/@pt\/115899740120216935","error":""},"_links":{"self":[{"href":"https:\/\/www.europesays.com\/pt\/wp-json\/wp\/v2\/posts\/230065","targetHints":{"allow":["GET"]}}],"collection":[{"href":"https:\/\/www.europesays.com\/pt\/wp-json\/wp\/v2\/posts"}],"about":[{"href":"https:\/\/www.europesays.com\/pt\/wp-json\/wp\/v2\/types\/post"}],"author":[{"embeddable":true,"href":"https:\/\/www.europesays.com\/pt\/wp-json\/wp\/v2\/users\/2"}],"replies":[{"embeddable":true,"href":"https:\/\/www.europesays.com\/pt\/wp-json\/wp\/v2\/comments?post=230065"}],"version-history":[{"count":0,"href":"https:\/\/www.europesays.com\/pt\/wp-json\/wp\/v2\/posts\/230065\/revisions"}],"wp:featuredmedia":[{"embeddable":true,"href":"https:\/\/www.europesays.com\/pt\/wp-json\/wp\/v2\/media\/230066"}],"wp:attachment":[{"href":"https:\/\/www.europesays.com\/pt\/wp-json\/wp\/v2\/media?parent=230065"}],"wp:term":[{"taxonomy":"category","embeddable":true,"href":"https:\/\/www.europesays.com\/pt\/wp-json\/wp\/v2\/categories?post=230065"},{"taxonomy":"post_tag","embeddable":true,"href":"https:\/\/www.europesays.com\/pt\/wp-json\/wp\/v2\/tags?post=230065"}],"curies":[{"name":"wp","href":"https:\/\/api.w.org\/{rel}","templated":true}]}}