{"id":230069,"date":"2026-01-15T15:08:14","date_gmt":"2026-01-15T15:08:14","guid":{"rendered":"https:\/\/www.europesays.com\/pt\/230069\/"},"modified":"2026-01-15T15:08:14","modified_gmt":"2026-01-15T15:08:14","slug":"validade-da-carta-pode-nao-ser-a-impressa-saiba-quando-renovar","status":"publish","type":"post","link":"https:\/\/www.europesays.com\/pt\/230069\/","title":{"rendered":"Validade da carta pode n\u00e3o ser a impressa. Saiba quando renovar"},"content":{"rendered":"<p>O prazo de validade da carta de condu\u00e7\u00e3o pode n\u00e3o corresponder \u00e0quele que est\u00e1 inscrito no documento. Aqui, esclarecemos quando \u00e9 que deve renovar o t\u00edtulo indispens\u00e1vel para o exerc\u00edcio da condu\u00e7\u00e3o, independentemente da categoria para o qual habilita.<\/p>\n<p>\u00c9 um alerta que se pode ler no site oficial do governo: &#8220;Quem tirou a carta de condu\u00e7\u00e3o antes de 1 de janeiro de 2008 deve ter aten\u00e7\u00e3o, pois pode ter a data de validade errada no documento&#8221;. Isto devido a altera\u00e7\u00f5es legislativas posteriores. E o governo viu-se at\u00e9 na obriga\u00e7\u00e3o de criar um <a href=\"https:\/\/diariodarepublica.pt\/dr\/detalhe\/decreto-lei\/63-2023-216406848\" rel=\"nofollow noopener\" target=\"_blank\">regime excecional em 2023<\/a>.<\/p>\n<p>A validade dos t\u00edtulos est\u00e1 legislada no <a href=\"https:\/\/diariodarepublica.pt\/dr\/legislacao-consolidada\/decreto-lei\/2012-114321099-114321908\" rel=\"nofollow noopener\" target=\"_blank\">Regulamento da Habilita\u00e7\u00e3o Legal para Conduzir<\/a>. \u00c9 poss\u00edvel renovar alguns meses antes e depois da data de validade final, mas incumprimentos mais prolongados podem levar \u00e0 perda da carta. J\u00e1 lhe cont\u00e1mos sobre as <a href=\"https:\/\/www.noticiasaominuto.com\/auto\/2843477\/deixou-passar-o-prazo-de-revalidacao-da-carta-estas-sao-as-consequencias\" rel=\"nofollow noopener\" target=\"_blank\">consequ\u00eancias de falhar prazos de revalida\u00e7\u00e3o<\/a>.<\/p>\n<p>                                                    Casos mais comuns<\/p>\n<p>Os prazos aqui descritos aplicam-se \u00e0s categorias AM, A1, A2, A, B1, B e BE, incluindo ciclomotores e tratores agr\u00edcolas.<\/p>\n<ul>&#13;<\/p>\n<li>Cartas tiradas at\u00e9 1 de janeiro de 2013: Devem ser renovadas antes dos 50, 60, 65 e 70 anos, seguindo-se um per\u00edodo de revalida\u00e7\u00e3o a cada dois anos.<\/li>\n<p>&#13;<\/p>\n<li>Cartas tiradas de 2 de janeiro de 2013 a 29 de julho de 2016: A primeira renova\u00e7\u00e3o \u00e9 na data indicada. Depois, \u00e9 de 15 em 15 anos at\u00e9 aos 60 anos. H\u00e1 renova\u00e7\u00f5es aos 65 e aos 70 anos e, a partir da\u00ed, a cada dois anos.<\/li>\n<p>&#13;<\/p>\n<li>Cartas tiradas a partir de 30 de julho de 2016: Renova\u00e7\u00e3o de 15 em 15 anos at\u00e9 aos 60 anos. Posteriormente, aplicam-se os mesmos moldes: renova\u00e7\u00f5es aos 60, 65 e 70 anos e depois de dois em dois anos.<\/li>\n<p>&#13;<\/p>\n<li>Cartas tiradas ap\u00f3s os 58 anos: Primeira renova\u00e7\u00e3o aos 65 anos<\/li>\n<p>&#13;\n                                                    <\/ul>\n<p>O atestado m\u00e9dico \u00e9 obrigat\u00f3rio a partir dos 60 anos ou se exigir uma avalia\u00e7\u00e3o m\u00e9dica antecipada. A restri\u00e7\u00e3o 138 exige sempre a apresenta\u00e7\u00e3o do Certificado de Aptid\u00e3o Psicol\u00f3gica.<\/p>\n<p>                                                    Outro tipo de viaturas<\/p>\n<p>Quem conduz determinados tipos de viaturas das categorias B e BE e pesados (C1, C1E, C, CE, D1, D1E, D e DE) est\u00e1 sujeito a prazos diferentes. As exce\u00e7\u00f5es das categorias B e BE abrangem ambul\u00e2ncias, ve\u00edculos de bombeiros e de transporte de doentes, viaturas afetas a transporte escolar e ligeiros de passageiros de aluguer.<\/p>\n<ul>&#13;<\/p>\n<li>Cartas anteriores a 1 de janeiro de 2013: Renova\u00e7\u00e3o de 5 em 5 anos desde os 40 aos 65 anos, e aos 68 anos. De seguida, de dois em dois anos.<\/li>\n<p>&#13;<\/p>\n<li>Cartas tiradas de 2 de janeiro de 2013 a 29 de julho de 2016: Primeira renova\u00e7\u00e3o na data indicada no t\u00edtulo, renova\u00e7\u00f5es seguintes de 5 em 5 anos at\u00e9 aos 70 anos e, da\u00ed em diante, a cada dois anos.<\/li>\n<p>&#13;<\/p>\n<li>Cartas tiradas a partir de 30 de julho de 2016: Renova\u00e7\u00e3o de 5 em 5 anos desde o in\u00edcio at\u00e9 aos 70 anos e, posteriormente, de 2 em 2 anos.<\/li>\n<p>&#13;<\/p>\n<li>67 anos de idade: Deixa de ser poss\u00edvel revalidar as cartas de todas as categorias D e a categoria CE s\u00f3 \u00e9 v\u00e1lida at\u00e9 \u00e0s 20 toneladas.<\/li>\n<p>&#13;\n                                                    <\/ul>\n<p>Nestes casos, o atestado m\u00e9dico \u00e9 sempre obrigat\u00f3ria e o Certificado de Aptid\u00e3o Psicol\u00f3gica tem de ser apresentado aos 50 anos ou se existir a restri\u00e7\u00e3o 138.<\/p>\n<p>                                                    <img decoding=\"async\" height=\"640\" with=\"360\" src=\"https:\/\/www.europesays.com\/pt\/wp-content\/uploads\/2026\/01\/naom_68ad8bdd4c78d.jpg\" border=\"0\" alt=\"Deixou passar o prazo de revalida\u00e7\u00e3o da carta? Estas s\u00e3o as consequ\u00eancias\"\/><\/p>\n<p>Os condutores devem revalidar as cartas de condu\u00e7\u00e3o dentro de prazos estipulados. Quem os falhar n\u00e3o s\u00f3 incorre em infra\u00e7\u00f5es se conduzir, como tamb\u00e9m pode ficar em risco de perder o t\u00edtulo.<\/p>\n<p>                                                     Bernardo Matias | 14:07 &#8211; 26\/08\/2025 <\/p>\n","protected":false},"excerpt":{"rendered":"O prazo de validade da carta de condu\u00e7\u00e3o pode n\u00e3o corresponder \u00e0quele que est\u00e1 inscrito no documento. Aqui,&hellip;\n","protected":false},"author":2,"featured_media":230070,"comment_status":"","ping_status":"","sticky":false,"template":"","format":"standard","meta":{"footnotes":""},"categories":[10],"tags":[27,28,15,16,14,25,26,21,22,12,13,19,20,32,23,24,33,17,18,29,30,31],"class_list":{"0":"post-230069","1":"post","2":"type-post","3":"status-publish","4":"format-standard","5":"has-post-thumbnail","7":"category-portugal","8":"tag-breaking-news","9":"tag-breakingnews","10":"tag-featured-news","11":"tag-featurednews","12":"tag-headlines","13":"tag-latest-news","14":"tag-latestnews","15":"tag-main-news","16":"tag-mainnews","17":"tag-news","18":"tag-noticias","19":"tag-noticias-principais","20":"tag-noticiasprincipais","21":"tag-portugal","22":"tag-principais-noticias","23":"tag-principaisnoticias","24":"tag-pt","25":"tag-top-stories","26":"tag-topstories","27":"tag-ultimas","28":"tag-ultimas-noticias","29":"tag-ultimasnoticias"},"share_on_mastodon":{"url":"https:\/\/pubeurope.com\/@pt\/115899747813051990","error":""},"_links":{"self":[{"href":"https:\/\/www.europesays.com\/pt\/wp-json\/wp\/v2\/posts\/230069","targetHints":{"allow":["GET"]}}],"collection":[{"href":"https:\/\/www.europesays.com\/pt\/wp-json\/wp\/v2\/posts"}],"about":[{"href":"https:\/\/www.europesays.com\/pt\/wp-json\/wp\/v2\/types\/post"}],"author":[{"embeddable":true,"href":"https:\/\/www.europesays.com\/pt\/wp-json\/wp\/v2\/users\/2"}],"replies":[{"embeddable":true,"href":"https:\/\/www.europesays.com\/pt\/wp-json\/wp\/v2\/comments?post=230069"}],"version-history":[{"count":0,"href":"https:\/\/www.europesays.com\/pt\/wp-json\/wp\/v2\/posts\/230069\/revisions"}],"wp:featuredmedia":[{"embeddable":true,"href":"https:\/\/www.europesays.com\/pt\/wp-json\/wp\/v2\/media\/230070"}],"wp:attachment":[{"href":"https:\/\/www.europesays.com\/pt\/wp-json\/wp\/v2\/media?parent=230069"}],"wp:term":[{"taxonomy":"category","embeddable":true,"href":"https:\/\/www.europesays.com\/pt\/wp-json\/wp\/v2\/categories?post=230069"},{"taxonomy":"post_tag","embeddable":true,"href":"https:\/\/www.europesays.com\/pt\/wp-json\/wp\/v2\/tags?post=230069"}],"curies":[{"name":"wp","href":"https:\/\/api.w.org\/{rel}","templated":true}]}}