{"id":230073,"date":"2026-01-15T15:10:11","date_gmt":"2026-01-15T15:10:11","guid":{"rendered":"https:\/\/www.europesays.com\/pt\/230073\/"},"modified":"2026-01-15T15:10:11","modified_gmt":"2026-01-15T15:10:11","slug":"henri-castelli-vive-com-sequelas-no-rosto-apos-agressao-sofrida-em-alagoas-relembre","status":"publish","type":"post","link":"https:\/\/www.europesays.com\/pt\/230073\/","title":{"rendered":"Henri Castelli vive com sequelas no rosto ap\u00f3s agress\u00e3o sofrida em Alagoas; relembre"},"content":{"rendered":"\n<p>O ator Henri Castelli, 47, teve uma convuls\u00e3o durante a primeira Prova do L\u00edder do BBB 26, na manh\u00e3 desta quarta-feira (14). Ap\u00f3s cerca de 10 horas de resist\u00eancia, ele passou mal e precisou receber atendimento m\u00e9dico em um hospital.<\/p>\n<p>Mais tarde, o ator voltou a apresentar um mal-estar e foi novamente retirado da din\u00e2mica pela produ\u00e7\u00e3o para passar por novos cuidados m\u00e9dicos. No programa, Henri revelou que essa foi a primeira vez que sofreu crises epil\u00e9pticas.<\/p>\n<p>Ainda hoje, o ator convive com sequelas permanentes no rosto decorrentes de uma agress\u00e3o sofrida durante uma festa na Barra de S\u00e3o Miguel, Litoral Sul de Alagoas, no fim de 2020. O epis\u00f3dio resultou em uma fratura exposta na mand\u00edbula, que exigiu uma cirurgia complexa de reconstru\u00e7\u00e3o, com o uso de pinos, fios de a\u00e7o e parafusos, deixando marcas definitivas.<\/p>\n<p>Os agressores, identificados como o empres\u00e1rio Bernardo Malta de Amorim e o corretor Guilherme Accioly Ferreira, alegaram \u00e0 \u00e9poca que o ator estava alterado e que apenas reagiram a uma suposta investida inicial dele.<\/p>\n<p>Ap\u00f3s o ataque, Castelli passou por m\u00faltiplas cirurgias de reconstru\u00e7\u00e3o facial e desenvolveu parestesia cr\u00f4nica, caracterizada pela perda de sensibilidade no lado direito do rosto e no queixo, al\u00e9m de traumas emocionais duradouros.<\/p>\n<p>Na \u00e9poca, o ator descreveu a sensa\u00e7\u00e3o como se sua \u201cboca estivesse pendurada\u201d. Apesar da recupera\u00e7\u00e3o f\u00edsica ap\u00f3s o tratamento, ele segue processando os envolvidos por danos morais e les\u00e3o corporal.<\/p>\n","protected":false},"excerpt":{"rendered":"O ator Henri Castelli, 47, teve uma convuls\u00e3o durante a primeira Prova do L\u00edder do BBB 26, na&hellip;\n","protected":false},"author":2,"featured_media":230074,"comment_status":"","ping_status":"","sticky":false,"template":"","format":"standard","meta":{"footnotes":""},"categories":[145],"tags":[5571,9012,44133,44132,15986,211,210,5953,27823,44139,33773,114,115,44137,44135,36171,23676,11555,40490,44138,44136,32,33,42720,24541,44134],"class_list":{"0":"post-230073","1":"post","2":"type-post","3":"status-publish","4":"format-standard","5":"has-post-thumbnail","7":"category-celebridades","8":"tag-agressao","9":"tag-alagoas","10":"tag-atendimento-medico","11":"tag-barra-de-sao-miguel","12":"tag-bbb-26","13":"tag-celebridades","14":"tag-celebrities","15":"tag-cirurgia","16":"tag-convulsao","17":"tag-crises-epilepticas","18":"tag-danos-morais","19":"tag-entertainment","20":"tag-entretenimento","21":"tag-fios-de-aco","22":"tag-fratura-exposta","23":"tag-henri-castelli","24":"tag-lesao-corporal","25":"tag-mandibula","26":"tag-parafusos","27":"tag-parestesia","28":"tag-pinos","29":"tag-portugal","30":"tag-pt","31":"tag-reconstrucao","32":"tag-sensibilidade","33":"tag-sequelas"},"share_on_mastodon":{"url":"https:\/\/pubeurope.com\/@pt\/115899755613110732","error":""},"_links":{"self":[{"href":"https:\/\/www.europesays.com\/pt\/wp-json\/wp\/v2\/posts\/230073","targetHints":{"allow":["GET"]}}],"collection":[{"href":"https:\/\/www.europesays.com\/pt\/wp-json\/wp\/v2\/posts"}],"about":[{"href":"https:\/\/www.europesays.com\/pt\/wp-json\/wp\/v2\/types\/post"}],"author":[{"embeddable":true,"href":"https:\/\/www.europesays.com\/pt\/wp-json\/wp\/v2\/users\/2"}],"replies":[{"embeddable":true,"href":"https:\/\/www.europesays.com\/pt\/wp-json\/wp\/v2\/comments?post=230073"}],"version-history":[{"count":0,"href":"https:\/\/www.europesays.com\/pt\/wp-json\/wp\/v2\/posts\/230073\/revisions"}],"wp:featuredmedia":[{"embeddable":true,"href":"https:\/\/www.europesays.com\/pt\/wp-json\/wp\/v2\/media\/230074"}],"wp:attachment":[{"href":"https:\/\/www.europesays.com\/pt\/wp-json\/wp\/v2\/media?parent=230073"}],"wp:term":[{"taxonomy":"category","embeddable":true,"href":"https:\/\/www.europesays.com\/pt\/wp-json\/wp\/v2\/categories?post=230073"},{"taxonomy":"post_tag","embeddable":true,"href":"https:\/\/www.europesays.com\/pt\/wp-json\/wp\/v2\/tags?post=230073"}],"curies":[{"name":"wp","href":"https:\/\/api.w.org\/{rel}","templated":true}]}}