{"id":230078,"date":"2026-01-15T15:15:30","date_gmt":"2026-01-15T15:15:30","guid":{"rendered":"https:\/\/www.europesays.com\/pt\/230078\/"},"modified":"2026-01-15T15:15:30","modified_gmt":"2026-01-15T15:15:30","slug":"o-agente-secreto-volta-aos-cinemas-de-rio-preto","status":"publish","type":"post","link":"https:\/\/www.europesays.com\/pt\/230078\/","title":{"rendered":"\u2018O Agente Secreto\u2019 volta aos cinemas de Rio Preto"},"content":{"rendered":"<p>A partir desta quinta-feira, dia 15, o filme \u201cO Agente Secreto\u201d volta \u00e0s telonas de Rio Preto. O longa de Kl\u00e9ber Mendon\u00e7a, estrelado por Wagner Moura, estreou na cidade no dia 23 de outubro e saiu de cartaz no 11 de dezembro.<\/p>\n<p>O filme est\u00e1 em exibi\u00e7\u00e3o no Cin\u00e9polis do Plaza Avenida Shopping \u00e0s 20h45 e no Cin\u00e9polis Shopping Iguatemi \u00e0s 21h15, exceto na ter\u00e7a-feira, dia 20, quando ser\u00e1 exibido \u00e0s 19h30. No Cine Ara\u00fajo (Multiplex Riopreto Shopping), o longa \u00e9 exibido em dois hor\u00e1rios: 18h20 e 20h40. Os hor\u00e1rios dos filmes est\u00e3o sujeitos a altera\u00e7\u00e3o sem aviso pr\u00e9vio por parte dos exibidores.<\/p>\n<p>Premia\u00e7\u00f5es<\/p>\n<p>O Agente Secreto segue faturando uma s\u00e9rie de indica\u00e7\u00f5es nas principais premia\u00e7\u00f5es do cinema. Atualmente, o longa j\u00e1 arrecada mais de 50 vit\u00f3rias, dentre elas, Melhor Dire\u00e7\u00e3o e Melhor Ator (Wagner Moura) no Festival de Cannes e Melhor Filme Internacional no Critic\u2019s Choice Awards.<\/p>\n<p>No \u00faltimo final de semana, o longa venceu o pr\u00eamio de melhor filme em l\u00edngua n\u00e3o inglesa no Globo de Ouro, superando candidatos importantes, como o noruegu\u00eas \u201cValor Sentimental\u201d, de Joachim Trier, e \u201cFoi Apenas um Acidente\u201d, de Jafar Panahi. E Wagner Moura foi escolhido o melhor ator em filme de drama.<\/p>\n<p>\u201cEsse \u00e9 um momento importante para se fazer filmes\u201d, disse Mendon\u00e7a Filho ao receber o pr\u00eamio no palco. \u201cEu dedico esse pr\u00eamio aos jovens cineastas. Fa\u00e7am filmes\u201d, completou.<\/p>\n<p>A dupla vit\u00f3ria no Globo de Ouro impulsionou a campanha do longa para o Oscar 2026, aumentando as expectativas para indica\u00e7\u00f5es na principal premia\u00e7\u00e3o do cinema, marcada para 15 de mar\u00e7o. A lista completa de indicados da 98\u00aa edi\u00e7\u00e3o do Oscar ser\u00e1 divulgada no dia 22 de janeiro.<\/p>\n<p>Enredo<\/p>\n<p>Dirigido por Kleber Mendon\u00e7a Filho, o filme mistura suspense pol\u00edtico, drama e elementos do cinema de espionagem, com momentos de ironia e observa\u00e7\u00e3o social caracter\u00edsticos do diretor.<\/p>\n<p>O enredo do filme acompanha Marcelo (Wagner Moura), um especialista em tecnologia que vive na clandestinidade durante a ditadura militar brasileira. Em 1977, ele foge para Recife na tentativa de recome\u00e7ar a vida e se reaproximar do filho, mas o passado insiste em bater \u00e0 porta. Em meio ao clima sufocante de vigil\u00e2ncia e repress\u00e3o do regime, Marcelo percebe que est\u00e1 sendo observado e passa a se mover entre identidades falsas, rastros apagados e amea\u00e7as silenciosas.<\/p>\n<p>A situa\u00e7\u00e3o se complica quando ele inicia a busca por documentos ligados \u00e0 m\u00e3e, \u00cdndia, j\u00e1 falecida \u2014 investiga\u00e7\u00e3o que o conduz a uma intricada rede de espionagem, resist\u00eancia pol\u00edtica e viol\u00eancia de Estado. O que come\u00e7a como uma fuga pessoal se transforma em uma apura\u00e7\u00e3o mais ampla sobre mem\u00f3ria, apagamentos hist\u00f3ricos e os mecanismos de controle do autoritarismo, enquanto agentes do regime apertam o cerco e tornam cada passo uma quest\u00e3o de sobreviv\u00eancia.<\/p>\n<p>Ambientado em um Recife pulsante e contradit\u00f3rio, \u201cO Agente Secreto\u201d usa a fic\u00e7\u00e3o para revisitar feridas abertas da hist\u00f3ria recente do Pa\u00eds, refletindo sobre trauma, sil\u00eancio, resist\u00eancia e a persistente busca pela verdade.\u200b\u200b\u200b\u200b\u200b\u200b\u200b\u200b\u200b\u200b\u200b\u200b\u200b\u200b\u200b\u200b\u200b\u200b\u200b\u200b\u200b\u200b\u200b\u200b\u200b\u200b\u200b\u200b\u200b\u200b\u200b\u200b\u200b\u200b\u200b<\/p>\n","protected":false},"excerpt":{"rendered":"A partir desta quinta-feira, dia 15, o filme \u201cO Agente Secreto\u201d volta \u00e0s telonas de Rio Preto. O&hellip;\n","protected":false},"author":2,"featured_media":230079,"comment_status":"","ping_status":"","sticky":false,"template":"","format":"standard","meta":{"footnotes":""},"categories":[140],"tags":[114,115,147,148,146,32,33],"class_list":{"0":"post-230078","1":"post","2":"type-post","3":"status-publish","4":"format-standard","5":"has-post-thumbnail","7":"category-filmes","8":"tag-entertainment","9":"tag-entretenimento","10":"tag-film","11":"tag-filmes","12":"tag-movies","13":"tag-portugal","14":"tag-pt"},"share_on_mastodon":{"url":"https:\/\/pubeurope.com\/@pt\/115899775333897246","error":""},"_links":{"self":[{"href":"https:\/\/www.europesays.com\/pt\/wp-json\/wp\/v2\/posts\/230078","targetHints":{"allow":["GET"]}}],"collection":[{"href":"https:\/\/www.europesays.com\/pt\/wp-json\/wp\/v2\/posts"}],"about":[{"href":"https:\/\/www.europesays.com\/pt\/wp-json\/wp\/v2\/types\/post"}],"author":[{"embeddable":true,"href":"https:\/\/www.europesays.com\/pt\/wp-json\/wp\/v2\/users\/2"}],"replies":[{"embeddable":true,"href":"https:\/\/www.europesays.com\/pt\/wp-json\/wp\/v2\/comments?post=230078"}],"version-history":[{"count":0,"href":"https:\/\/www.europesays.com\/pt\/wp-json\/wp\/v2\/posts\/230078\/revisions"}],"wp:featuredmedia":[{"embeddable":true,"href":"https:\/\/www.europesays.com\/pt\/wp-json\/wp\/v2\/media\/230079"}],"wp:attachment":[{"href":"https:\/\/www.europesays.com\/pt\/wp-json\/wp\/v2\/media?parent=230078"}],"wp:term":[{"taxonomy":"category","embeddable":true,"href":"https:\/\/www.europesays.com\/pt\/wp-json\/wp\/v2\/categories?post=230078"},{"taxonomy":"post_tag","embeddable":true,"href":"https:\/\/www.europesays.com\/pt\/wp-json\/wp\/v2\/tags?post=230078"}],"curies":[{"name":"wp","href":"https:\/\/api.w.org\/{rel}","templated":true}]}}