{"id":230092,"date":"2026-01-15T15:22:12","date_gmt":"2026-01-15T15:22:12","guid":{"rendered":"https:\/\/www.europesays.com\/pt\/230092\/"},"modified":"2026-01-15T15:22:12","modified_gmt":"2026-01-15T15:22:12","slug":"chuva-forte-vento-e-mar-agitado-colocam-distritos-sob-alerta","status":"publish","type":"post","link":"https:\/\/www.europesays.com\/pt\/230092\/","title":{"rendered":"chuva forte, vento e mar agitado colocam distritos sob alerta"},"content":{"rendered":"<p>A chuva regressa em for\u00e7a a Portugal esta quinta-feira, afetando sobretudo a regi\u00e3o Norte e a \u00e1rea de Lisboa, num dia marcado por precipita\u00e7\u00e3o persistente, vento moderado a forte e agravamento do estado do mar, segundo a previs\u00e3o meteorol\u00f3gica e os avisos emitidos pelo Instituto Portugu\u00eas do Mar e da Atmosfera (IPMA).<\/p>\n<p>Depois de uma breve tr\u00e9gua, a precipita\u00e7\u00e3o dever\u00e1 iniciar-se durante a manh\u00e3 no litoral Norte, avan\u00e7ando rapidamente para o restante territ\u00f3rio, com especial incid\u00eancia nos distritos mais expostos \u00e0 frente atl\u00e2ntica. Em v\u00e1rios momentos, a chuva poder\u00e1 ser forte e cont\u00ednua, sobretudo entre o in\u00edcio da tarde e o meio da tarde.<\/p>\n<p><strong>Lisboa entre as regi\u00f5es mais afetadas<\/strong><\/p>\n<p>O distrito de Lisboa est\u00e1 entre os mais atingidos por este epis\u00f3dio de mau tempo. A chuva dever\u00e1 come\u00e7ar por volta das 9h, inicialmente fraca, intensificando-se ao longo das horas seguintes e tornando-se mais persistente durante a tarde. O per\u00edodo mais cr\u00edtico est\u00e1 previsto entre as 13h e as 16h, antes de uma melhoria tempor\u00e1ria ao final do dia.<\/p>\n<p>De acordo com a previs\u00e3o, este n\u00e3o ser\u00e1 um epis\u00f3dio isolado, estando prevista nova deteriora\u00e7\u00e3o do estado do tempo durante a madrugada de sexta-feira, com o regresso da precipita\u00e7\u00e3o em v\u00e1rios per\u00edodos.<\/p>\n<p><strong>Norte sob chuva persistente e vento forte<\/strong><\/p>\n<p>Na regi\u00e3o Norte, a precipita\u00e7\u00e3o dever\u00e1 ser frequente e por vezes intensa desde a manh\u00e3, acompanhada por vento de sudoeste, moderado a forte, com rajadas que poder\u00e3o atingir 75 km\/h no litoral e nas terras altas. As condi\u00e7\u00f5es meteorol\u00f3gicas adversas dever\u00e3o prolongar-se ao longo do dia, contribuindo para a descida das temperaturas e para o agravamento da sensa\u00e7\u00e3o t\u00e9rmica.<\/p>\n<p><strong>Avisos amarelos por chuva em dez distritos<\/strong><\/p>\n<p>O IPMA emitiu aviso amarelo de precipita\u00e7\u00e3o para os distritos de Vila Real, Porto, Set\u00fabal, Santar\u00e9m, Viana do Castelo, Lisboa, Leiria, Aveiro, Coimbra e Braga, em vigor entre as 09h e as 18h de quinta-feira, devido \u00e0 previs\u00e3o de chuva que poder\u00e1 ser forte e persistente.<\/p>\n<p><strong>Agita\u00e7\u00e3o mar\u00edtima agrava-se na sexta e s\u00e1bado<\/strong><\/p>\n<p>Para al\u00e9m da chuva, o estado do mar vai agravar-se. O litoral dos distritos do Porto, Viana do Castelo, Lisboa, Leiria, Aveiro, Coimbra e Braga estar\u00e1 sob aviso laranja na sexta-feira e no s\u00e1bado, prevendo-se ondas de noroeste entre 5 e 5,5 metros.<\/p>\n<p>J\u00e1 os distritos de Faro, Set\u00fabal e Beja estar\u00e3o sob aviso amarelo devido \u00e0 agita\u00e7\u00e3o mar\u00edtima entre a noite de quinta-feira e a madrugada de s\u00e1bado. Na Madeira, as costas norte e sul da ilha e o Porto Santo tamb\u00e9m ficam sob aviso amarelo entre a tarde de sexta-feira e a manh\u00e3 de s\u00e1bado.<\/p>\n<p>O aviso laranja \u00e9 emitido quando existe uma situa\u00e7\u00e3o meteorol\u00f3gica de risco moderado a elevado, enquanto o aviso amarelo sinaliza risco para determinadas atividades dependentes das condi\u00e7\u00f5es atmosf\u00e9ricas.<\/p>\n<p><strong>Frio e possibilidade de neve nas serras<\/strong><\/p>\n<p>A passagem do sistema frontal ser\u00e1 seguida por uma descida acentuada das temperaturas, com m\u00ednimas abaixo dos 5 graus no interior e m\u00e1ximas baixas no Norte e Centro. Est\u00e1 ainda prevista queda de neve nas terras altas, inicialmente acima dos 1500 metros, com descida gradual da cota ao longo do dia.<\/p>\n","protected":false},"excerpt":{"rendered":"A chuva regressa em for\u00e7a a Portugal esta quinta-feira, afetando sobretudo a regi\u00e3o Norte e a \u00e1rea de&hellip;\n","protected":false},"author":2,"featured_media":230093,"comment_status":"","ping_status":"","sticky":false,"template":"","format":"standard","meta":{"footnotes":""},"categories":[10],"tags":[27,28,15,16,14,25,26,21,22,12,13,19,20,32,23,24,33,17,18,29,30,31],"class_list":{"0":"post-230092","1":"post","2":"type-post","3":"status-publish","4":"format-standard","5":"has-post-thumbnail","7":"category-portugal","8":"tag-breaking-news","9":"tag-breakingnews","10":"tag-featured-news","11":"tag-featurednews","12":"tag-headlines","13":"tag-latest-news","14":"tag-latestnews","15":"tag-main-news","16":"tag-mainnews","17":"tag-news","18":"tag-noticias","19":"tag-noticias-principais","20":"tag-noticiasprincipais","21":"tag-portugal","22":"tag-principais-noticias","23":"tag-principaisnoticias","24":"tag-pt","25":"tag-top-stories","26":"tag-topstories","27":"tag-ultimas","28":"tag-ultimas-noticias","29":"tag-ultimasnoticias"},"share_on_mastodon":{"url":"https:\/\/pubeurope.com\/@pt\/115899802906326373","error":""},"_links":{"self":[{"href":"https:\/\/www.europesays.com\/pt\/wp-json\/wp\/v2\/posts\/230092","targetHints":{"allow":["GET"]}}],"collection":[{"href":"https:\/\/www.europesays.com\/pt\/wp-json\/wp\/v2\/posts"}],"about":[{"href":"https:\/\/www.europesays.com\/pt\/wp-json\/wp\/v2\/types\/post"}],"author":[{"embeddable":true,"href":"https:\/\/www.europesays.com\/pt\/wp-json\/wp\/v2\/users\/2"}],"replies":[{"embeddable":true,"href":"https:\/\/www.europesays.com\/pt\/wp-json\/wp\/v2\/comments?post=230092"}],"version-history":[{"count":0,"href":"https:\/\/www.europesays.com\/pt\/wp-json\/wp\/v2\/posts\/230092\/revisions"}],"wp:featuredmedia":[{"embeddable":true,"href":"https:\/\/www.europesays.com\/pt\/wp-json\/wp\/v2\/media\/230093"}],"wp:attachment":[{"href":"https:\/\/www.europesays.com\/pt\/wp-json\/wp\/v2\/media?parent=230092"}],"wp:term":[{"taxonomy":"category","embeddable":true,"href":"https:\/\/www.europesays.com\/pt\/wp-json\/wp\/v2\/categories?post=230092"},{"taxonomy":"post_tag","embeddable":true,"href":"https:\/\/www.europesays.com\/pt\/wp-json\/wp\/v2\/tags?post=230092"}],"curies":[{"name":"wp","href":"https:\/\/api.w.org\/{rel}","templated":true}]}}