{"id":230094,"date":"2026-01-15T15:23:16","date_gmt":"2026-01-15T15:23:16","guid":{"rendered":"https:\/\/www.europesays.com\/pt\/230094\/"},"modified":"2026-01-15T15:23:16","modified_gmt":"2026-01-15T15:23:16","slug":"namorada-de-maycon-douglas-presta-lhe-homenagem-com-tatuagem-apos-tragedia-na-nazare-veja-aqui-as-fotos-cmjornal-pt","status":"publish","type":"post","link":"https:\/\/www.europesays.com\/pt\/230094\/","title":{"rendered":"Namorada de Maycon Douglas presta-lhe homenagem com tatuagem ap\u00f3s trag\u00e9dia na Nazar\u00e9. Veja aqui as fotos &#8211; cmjornal.pt"},"content":{"rendered":"<ol>\n<li><a href=\"https:\/\/news.google.com\/rss\/articles\/CBMi4wFBVV95cUxOZ3IwN1gweXlMbUFfME9nODRGclNrbFFiVF91TnptLWhuU2pZWW5YLW83VmhJNjlSVDgxMGtVcnB2VVhldlAzOGtObGxzMmpXVzF0dVZhYWpJY0duckZ2OC00dEpQTDdmVjIyT201Znl0QlJyQXFoa2ZjS3UtLW45cnVhN0kyWHNGU1pmWE1kYVd4NUpWT1BwWFZhbFMxckhzai1yNEE3SllxbU1GZTJUVW85LWVZa0ZZUkkzYXhaNGd3WE9PdHRiR2hnaTVuckZwWnd6RzMtNlBJUWswc0g1R3NTaw?oc=5\" target=\"_blank\" rel=\"nofollow noopener\">Namorada de Maycon Douglas presta-lhe homenagem com tatuagem ap\u00f3s trag\u00e9dia na Nazar\u00e9. Veja aqui as fotos<\/a>&nbsp;&nbsp;cmjornal.pt<\/li>\n<li><a href=\"https:\/\/news.google.com\/rss\/articles\/CBMi6AFBVV95cUxQaEZwZ1Z6enExOXNFVzd0RnE1MWFCbEhqbVRMSWxGR3pjaHRPMHA5SzV2WmdCMUlMQjJnMFNhLWVlMzc2Tjdfam8tbUJrYzVBZUpsMWdxQmV1TWtXSnVJM2dhZVR0TWpSTHBrdXk2NWRBMExwUThEYTE5MmdrVzhxZHZPNDM1N1dnR2stOXY5dElOSENqWV9kZHJwbWhqVDdtSGZXbW1TYVJBSDA2aTJaN1RfdnpvUTdROVFaa3R5bmVHX2ZsUkZHcEhnam5ydHNnTEdmaXRMSWFUZ0lpY1g0SDhsSUM5eWd40gHuAUFVX3lxTE5ob3pEM2lTVHVyLXdFQzdQdDl1dGtlakVYQ2tpbFIzS00zdVI0TmZKX3lNX3VXNVY5NF9RU281emtsOXNUcnpLU0lKMHFxekhOb0NweVVNMVUwbUJhWE9RYVByNTFBai1xSi1YMU01cHFZeG51NXg4UDM5NjJRY1NfMUJ2VmpaSXBEVGxDRG5jNnA5VzVjSnh4Rk1FRnBrXzhTV2IzYnk4bWFvNUV3NWJ4X1NEd2wyZjdJdjlZcVNaQ21JY2lkYmpLSkdJRU10cW1SaTVwX1FzQkNRaTI0aWU2V1BabDEybk85ZlJZd1E?oc=5\" target=\"_blank\" rel=\"nofollow noopener\">\u00abFoi tudo gravado numa noite\u00bb: Renata Reis revela detalhes de momento especial sobre Maycon Douglas<\/a>&nbsp;&nbsp;TVI<\/li>\n<li><a href=\"https:\/\/news.google.com\/rss\/articles\/CBMizgFBVV95cUxNNG92NVJKZEY3eW54aFFJTk1GcGJ1OXBRdm52WkdXRGpWWVA2YTJKb0x5bTBZSGJiOHEtZG16NUM0dkNmNk95SEFxRDM3ajFBaDkxdGlWQWFnQmhqSGNNY2xtUy1Ua1hCOEN4VDQwYzRuYjcyNEZaSS1JUnhuUnd0aHRDSDNtdnRNZzNSU21KVklZdFFrZXNxeGhfNUxwd2lTVHo4dllhWkl0MnRKeGhKUndrMmowdnhReUNQT0REYWFRQ2V5V3NkV1lrVWdZUQ?oc=5\" target=\"_blank\" rel=\"nofollow noopener\">Renata Reis promove m\u00fasica de Nufla: &#8220;Todos os poss\u00edveis lucros ser\u00e3o direcionados para a m\u00e3e do Maycon&#8221;<\/a>&nbsp;&nbsp;A Televis\u00e3o<\/li>\n<li><a href=\"https:\/\/news.google.com\/rss\/articles\/CBMitAFBVV95cUxNdEtmSDY1QWxOWjM5SGFWdHJpd2oyclNNZGVhVlo2S0t3M0hORWFIQ3dqT0kwcTh3YTRwUjFlSnpkbWJqOWZPRzBuaWFFMlhCMnJwbHdvcnRORm1peHNBNndXMXhvanFCeER4Z19VdVNxMmF3bm52N0g3LW1Za0JJRkZEb3FTdno0ZWRwb3JTM0xGUGtlTlRaQmN3YUNhd0NBWktaN2txVGlqcWxUc1hpc09RWGQ?oc=5\" target=\"_blank\" rel=\"nofollow noopener\">Morte de Maycon. &#8220;Estamos a avaliar o tamanho da dor com base num post?&#8221;<\/a>&nbsp;&nbsp;Not\u00edcias ao Minuto<\/li>\n<li><a href=\"https:\/\/news.google.com\/rss\/articles\/CBMi2wFBVV95cUxPRUp0Vi1hS3ZSb3hDOHhVM3p5NHh1NDJ2SHhsZERFbWlVME5FQTdEMEdBNWFBYnRCdEFrSUtDRFBSSTR3X0tGcHZ3M2VJREVBX08wbWUwb2c1bklPS0ZxakVVTmJHWm5pSDRLaE9BNTQwZUVBMzN2X1h3d01HTEVITGo5TWhuS01RdjU0dmlRRG83LUJTR0d3ZjlVTURGNlZnRjVHSTEtNGRuQVVJaFF0NUxkNUlOVUVvOEotQjcwWllpOEQxUE1LRUJhNXczREcwczdVbkJBOUhtVlE?oc=5\" target=\"_blank\" rel=\"nofollow noopener\">Maycon Douglas: Melhor amiga faz emotiva tatuagem em honra de DJ! \u201cHoje fiz quest\u00e3o de gravar isso\u201d<\/a>&nbsp;&nbsp;SAPO<\/li>\n<\/ol>\n","protected":false},"excerpt":{"rendered":"Namorada de Maycon Douglas presta-lhe homenagem com tatuagem ap\u00f3s trag\u00e9dia na Nazar\u00e9. Veja aqui as fotos&nbsp;&nbsp;cmjornal.pt \u00abFoi tudo&hellip;\n","protected":false},"author":2,"featured_media":225042,"comment_status":"","ping_status":"","sticky":false,"template":"","format":"standard","meta":{"footnotes":""},"categories":[8],"tags":[27,28,15,16,14,25,26,21,22,12,13,19,20,32,23,24,33,17,18,29,30,31],"class_list":{"0":"post-230094","1":"post","2":"type-post","3":"status-publish","4":"format-standard","5":"has-post-thumbnail","7":"category-principais-noticias","8":"tag-breaking-news","9":"tag-breakingnews","10":"tag-featured-news","11":"tag-featurednews","12":"tag-headlines","13":"tag-latest-news","14":"tag-latestnews","15":"tag-main-news","16":"tag-mainnews","17":"tag-news","18":"tag-noticias","19":"tag-noticias-principais","20":"tag-noticiasprincipais","21":"tag-portugal","22":"tag-principais-noticias","23":"tag-principaisnoticias","24":"tag-pt","25":"tag-top-stories","26":"tag-topstories","27":"tag-ultimas","28":"tag-ultimas-noticias","29":"tag-ultimasnoticias"},"share_on_mastodon":{"url":"https:\/\/pubeurope.com\/@pt\/115899806809450014","error":""},"_links":{"self":[{"href":"https:\/\/www.europesays.com\/pt\/wp-json\/wp\/v2\/posts\/230094","targetHints":{"allow":["GET"]}}],"collection":[{"href":"https:\/\/www.europesays.com\/pt\/wp-json\/wp\/v2\/posts"}],"about":[{"href":"https:\/\/www.europesays.com\/pt\/wp-json\/wp\/v2\/types\/post"}],"author":[{"embeddable":true,"href":"https:\/\/www.europesays.com\/pt\/wp-json\/wp\/v2\/users\/2"}],"replies":[{"embeddable":true,"href":"https:\/\/www.europesays.com\/pt\/wp-json\/wp\/v2\/comments?post=230094"}],"version-history":[{"count":0,"href":"https:\/\/www.europesays.com\/pt\/wp-json\/wp\/v2\/posts\/230094\/revisions"}],"wp:featuredmedia":[{"embeddable":true,"href":"https:\/\/www.europesays.com\/pt\/wp-json\/wp\/v2\/media\/225042"}],"wp:attachment":[{"href":"https:\/\/www.europesays.com\/pt\/wp-json\/wp\/v2\/media?parent=230094"}],"wp:term":[{"taxonomy":"category","embeddable":true,"href":"https:\/\/www.europesays.com\/pt\/wp-json\/wp\/v2\/categories?post=230094"},{"taxonomy":"post_tag","embeddable":true,"href":"https:\/\/www.europesays.com\/pt\/wp-json\/wp\/v2\/tags?post=230094"}],"curies":[{"name":"wp","href":"https:\/\/api.w.org\/{rel}","templated":true}]}}