{"id":230099,"date":"2026-01-15T15:30:14","date_gmt":"2026-01-15T15:30:14","guid":{"rendered":"https:\/\/www.europesays.com\/pt\/230099\/"},"modified":"2026-01-15T15:30:14","modified_gmt":"2026-01-15T15:30:14","slug":"sporting-pode-ter-mais-reforcos-alem-de-luis-guilherme-e-faye-2","status":"publish","type":"post","link":"https:\/\/www.europesays.com\/pt\/230099\/","title":{"rendered":"Sporting pode ter mais refor\u00e7os al\u00e9m de Lu\u00eds Guilherme e Faye"},"content":{"rendered":"<p>N\u00e3o se trata de uma pol\u00edtica de portas abertas, muito menos escancaradas, mas antes de portas\u2026 entreabertas. Neste mercado de inverno estavam duas contrata\u00e7\u00f5es programadas no <a class=\"autolink-enabled\" data-resource-id=\"448\" data-resource-type=\"team\" data-sport=\"football\" href=\"https:\/\/www.abola.pt\/futebol\/sporting-448\" rel=\"nofollow noopener\" target=\"_blank\">Sporting<\/a> (uma j\u00e1 est\u00e1, a outra est\u00e1 quase conclu\u00edda) mas h\u00e1 abertura para sa\u00edda(s) e com isso poder\u00e1 entrar mais algu\u00e9m. Rui Borges at\u00e9 pode ter mais refor\u00e7os mas para colmatar alguma perda.<\/p>\n<p>O <a class=\"autolink-enabled\" data-resource-id=\"448\" data-resource-type=\"team\" data-sport=\"football\" href=\"https:\/\/www.abola.pt\/futebol\/sporting-448\" rel=\"nofollow noopener\" target=\"_blank\">Sporting<\/a> j\u00e1 contratou Lu\u00eds Guilherme ao <a class=\"autolink-enabled\" data-resource-id=\"94\" data-resource-type=\"team\" data-sport=\"football\" href=\"https:\/\/www.abola.pt\/futebol\/west-ham-94\" rel=\"nofollow noopener\" target=\"_blank\">West Ham<\/a>. O extremo brasileiro de 19 anos custou 14 milh\u00f5es de euros mais b\u00f3nus por objetivos at\u00e9 aos 3 milh\u00f5es que podem inflacionar a opera\u00e7\u00e3o para os 17 milh\u00f5es. O agora camisola 31 dos verdes e brancos at\u00e9 j\u00e1 se estreou \u2014 entrou aos 90+1&#8242; nas meias-finais da Ta\u00e7a da Liga com o <a class=\"autolink-enabled\" data-resource-id=\"443\" data-resource-type=\"team\" data-sport=\"football\" href=\"https:\/\/www.abola.pt\/futebol\/vitoria-de-guimaraes-443\" rel=\"nofollow noopener\" target=\"_blank\">Vit\u00f3ria de Guimar\u00e3es<\/a> (1-2) \u2014, espreita mesmo a titularidade j\u00e1 amanh\u00e3 no jogo da jornada 18 do campeonato com o <a class=\"autolink-enabled\" data-resource-id=\"4772\" data-resource-type=\"team\" data-sport=\"football\" href=\"https:\/\/www.abola.pt\/futebol\/casa-pia-4772\" rel=\"nofollow noopener\" target=\"_blank\">Casa Pia<\/a> \u2014 20h15 em Alvalade \u2014 e \u00e9 pensado para no futuro ocupar o lugar que Geovany <a class=\"autolink-enabled\" data-resource-id=\"295516\" data-resource-type=\"player\" data-sport=\"football\" href=\"https:\/\/www.abola.pt\/futebol\/jogador\/quenda-295516\" rel=\"nofollow noopener\" target=\"_blank\">Quenda<\/a> vai deixar vago em 2026\/2027, uma vez que j\u00e1 pertence aos quadros do <a class=\"autolink-enabled\" data-resource-id=\"82\" data-resource-type=\"team\" data-sport=\"football\" href=\"https:\/\/www.abola.pt\/futebol\/chelsea-82\" rel=\"nofollow noopener\" target=\"_blank\">Chelsea<\/a> que em mar\u00e7o do ano passado pagou 50 milh\u00f5es de euros pelo passe do extremo mas deixou-o cedido mais uma temporada ao <a class=\"autolink-enabled\" data-resource-id=\"448\" data-resource-type=\"team\" data-sport=\"football\" href=\"https:\/\/www.abola.pt\/futebol\/sporting-448\" rel=\"nofollow noopener\" target=\"_blank\">Sporting<\/a>.<\/p>\n<p>A caminho de Alvalade est\u00e1 outro extremo, <a class=\"autolink-enabled\" data-resource-id=\"216451\" data-resource-type=\"player\" data-sport=\"football\" href=\"https:\/\/www.abola.pt\/futebol\/jogador\/souleymane-faye-216451\" rel=\"nofollow noopener\" target=\"_blank\">Souleymane Faye<\/a>, por quem os le\u00f5es pagam 6,6 milh\u00f5es de euros ao <a class=\"autolink-enabled\" data-resource-id=\"195\" data-resource-type=\"team\" data-sport=\"football\" href=\"https:\/\/www.abola.pt\/futebol\/granada-195\" rel=\"nofollow noopener\" target=\"_blank\">Granada<\/a>. A opera\u00e7\u00e3o continua em marcha, os clubes est\u00e3o a tratar dos planos de pagamentos mas o facto de os donos do clube espanhol serem chineses e estarem a negociar a partir da China contribui para a demora. \u2014 devido ao fuso hor\u00e1rio, os le\u00f5es t\u00eam esperado sempre com um intervalo de pelo menos 12 horas pela resposta dos elementos da Wuhan DDMC Football Club Management Co., Ltd, o principal investidor do emblema andaluz, o que tem tido responsabilidade na demora do fecho da opera\u00e7\u00e3o.<\/p>\n<p>Uma vez consumada a contrata\u00e7\u00e3o do senegal\u00eas de 22 anos, fica cumprida a miss\u00e3o neste mercado de inverno. Mas ela pode depois ser mais\u2026 comprida. Porque se houver sa\u00eddas, pode haver mais entradas\u2026<\/p>\n<p>H\u00e1 em Alvalade abertura para negociar, por exemplo, jogadores que terminam contrato no final da \u00e9poca, como s\u00e3o os casos de <a class=\"autolink-enabled\" data-resource-id=\"26458\" data-resource-type=\"player\" data-sport=\"football\" href=\"https:\/\/www.abola.pt\/futebol\/jogador\/matheus-reis-26458\" rel=\"nofollow noopener\" target=\"_blank\">Matheus Reis<\/a> e de <a class=\"autolink-enabled\" data-resource-id=\"189436\" data-resource-type=\"player\" data-sport=\"football\" href=\"https:\/\/www.abola.pt\/futebol\/jogador\/morita-189436\" rel=\"nofollow noopener\" target=\"_blank\">Morita<\/a>. Esta janela \u00e9 a \u00faltima para realizar encaixe com esses jogadores. Mas a verificar-se esse cen\u00e1rio, ficaria em falta algu\u00e9m para central \u00e0 esquerda, no caso do brasileiro, e algu\u00e9m no meio-campo, no caso do japon\u00eas.<\/p>\n<p><a class=\"autolink-enabled\" data-resource-id=\"257328\" data-resource-type=\"player\" data-sport=\"football\" href=\"https:\/\/www.abola.pt\/futebol\/jogador\/alisson-santos-257328\" rel=\"nofollow noopener\" target=\"_blank\">Alisson<\/a> tamb\u00e9m poder\u00e1 sair mas neste caso por empr\u00e9stimo para rodar. E para os extremos, recorde-se, j\u00e1 foi contratado Lu\u00eds Guilherme e vai ser <a class=\"autolink-enabled\" data-resource-id=\"216451\" data-resource-type=\"player\" data-sport=\"football\" href=\"https:\/\/www.abola.pt\/futebol\/jogador\/souleymane-faye-216451\" rel=\"nofollow noopener\" target=\"_blank\">Faye<\/a>.<\/p>\n","protected":false},"excerpt":{"rendered":"N\u00e3o se trata de uma pol\u00edtica de portas abertas, muito menos escancaradas, mas antes de portas\u2026 entreabertas. Neste&hellip;\n","protected":false},"author":2,"featured_media":230100,"comment_status":"","ping_status":"","sticky":false,"template":"","format":"standard","meta":{"footnotes":""},"categories":[87],"tags":[135,32,33,134],"class_list":{"0":"post-230099","1":"post","2":"type-post","3":"status-publish","4":"format-standard","5":"has-post-thumbnail","7":"category-desporto","8":"tag-desporto","9":"tag-portugal","10":"tag-pt","11":"tag-sports"},"share_on_mastodon":{"url":"https:\/\/pubeurope.com\/@pt\/115899834237153805","error":""},"_links":{"self":[{"href":"https:\/\/www.europesays.com\/pt\/wp-json\/wp\/v2\/posts\/230099","targetHints":{"allow":["GET"]}}],"collection":[{"href":"https:\/\/www.europesays.com\/pt\/wp-json\/wp\/v2\/posts"}],"about":[{"href":"https:\/\/www.europesays.com\/pt\/wp-json\/wp\/v2\/types\/post"}],"author":[{"embeddable":true,"href":"https:\/\/www.europesays.com\/pt\/wp-json\/wp\/v2\/users\/2"}],"replies":[{"embeddable":true,"href":"https:\/\/www.europesays.com\/pt\/wp-json\/wp\/v2\/comments?post=230099"}],"version-history":[{"count":0,"href":"https:\/\/www.europesays.com\/pt\/wp-json\/wp\/v2\/posts\/230099\/revisions"}],"wp:featuredmedia":[{"embeddable":true,"href":"https:\/\/www.europesays.com\/pt\/wp-json\/wp\/v2\/media\/230100"}],"wp:attachment":[{"href":"https:\/\/www.europesays.com\/pt\/wp-json\/wp\/v2\/media?parent=230099"}],"wp:term":[{"taxonomy":"category","embeddable":true,"href":"https:\/\/www.europesays.com\/pt\/wp-json\/wp\/v2\/categories?post=230099"},{"taxonomy":"post_tag","embeddable":true,"href":"https:\/\/www.europesays.com\/pt\/wp-json\/wp\/v2\/tags?post=230099"}],"curies":[{"name":"wp","href":"https:\/\/api.w.org\/{rel}","templated":true}]}}