{"id":230108,"date":"2026-01-15T15:36:11","date_gmt":"2026-01-15T15:36:11","guid":{"rendered":"https:\/\/www.europesays.com\/pt\/230108\/"},"modified":"2026-01-15T15:36:11","modified_gmt":"2026-01-15T15:36:11","slug":"cabem-tantos-no-porto-seguro-vai-ser-multado-por-excesso-de-velocidade","status":"publish","type":"post","link":"https:\/\/www.europesays.com\/pt\/230108\/","title":{"rendered":"cabem tantos no Porto? Seguro vai ser multado por excesso de velocidade"},"content":{"rendered":"<p class=\"wp-caption-text top\">Miguel A. Lopes \/ LUSA<\/p>\n<p><img decoding=\"async\" loading=\"lazy\" class=\"size-kopa-image-size-3 wp-image-722304\" src=\"https:\/\/www.europesays.com\/pt\/wp-content\/uploads\/2026\/01\/0c94a4c1407098a34d5ffe910f0cba43-783x450.jpg\" alt=\"\" width=\"700\" height=\"402\"  \/><\/p>\n<p class=\"wp-caption-text bot\">Lu\u00eds Marques Mendes em campanha presidencial<\/p>\n<p><strong>Gouveia e Melo, Marques Mendes, Catarina Martins\u2026 Seis candidatos na mesma cidade. Dois v\u00e3o cruzar-se no Bolh\u00e3o. Seguro com agenda \u201cespalhada\u201d.<\/strong><\/p>\n<p>N\u00e3o \u00e9 propriamente uma novidade em Portugal: no <strong>pen\u00faltimo dia<\/strong> de uma <strong>campanha<\/strong> eleitoral, o foco dos candidatos ou dos partidos \u00e9 estar no <strong>Porto.<\/strong> No \u00faltimo dia, o centro \u00e9 a capital Lisboa.<\/p>\n<p>Mas, desta vez, tamb\u00e9m por causa do n\u00famero recorde de candidatos (11) nas presidenciais, haver\u00e1 uma concentra\u00e7\u00e3o invulgar de candidatos no Porto. Todos hoje, quinta-feira, todos ao fim da tarde ou noite.<\/p>\n<p><strong>Mais de metade dos candidatos est\u00e1 no Porto,<\/strong> ou arredores.<strong> E quase todos \u00e0 mesma hora,<\/strong> e no centro da cidade.<\/p>\n<p>Espreitamos a agenda de todos e seguimos uma ordem cronol\u00f3gica: <strong>Gouveia e Melo<\/strong> ter\u00e1 \u00e0s 17h um encontro com a popula\u00e7\u00e3o no centro do Porto; mas meia hora depois, \u00e0s 17h30, <strong>Jorge Pinto<\/strong> tem \u201ccontacto com a popula\u00e7\u00e3o no Porto\u201d.<\/p>\n<p>\u00c0s 17h come\u00e7a o contacto com a popula\u00e7\u00e3o no Mercado do Bolh\u00e3o, protagonizado por <strong>Marques Mendes;<\/strong> mas \u00e0s 17h30 <strong>Catarina Martins<\/strong> vai fazer uma visita\u2026 ao Mercado do Bolh\u00e3o.<\/p>\n<p>\u00c0s 18h, e tamb\u00e9m com alta probabilidade de se cruzar com outros candidatos, <strong>Ant\u00f3nio Filipe<\/strong> tem uma arruada com in\u00edcio na Pra\u00e7a da Batalha.<\/p>\n<p>\u00c0 mesma hora, Marques Mendes tem um encontro com a popula\u00e7\u00e3o no Pal\u00e1cio dos Correios, ali \u201cao lado\u201d, junto \u00e0 C\u00e2mara Municipal do Porto.<\/p>\n<p>\u00c0s 19h, <strong>Gouveia e Melo<\/strong> tem um com\u00edcio-festa na Alf\u00e2ndega do Porto.<\/p>\n<p>\u00c0s 21h, Jorge Pinto (que \u00e0s 15h30 estar\u00e1 na Escola Art\u00edstica Soares dos Reis) vai ao Pal\u00e1cio de Cristal, \u00e0 Biblioteca Municipal Almeida Garrett, onde ter\u00e1 um com\u00edcio com Rui Tavares, Isabel Mendes Lopes e Filipa Pinto.<\/p>\n<p><strong>Jo\u00e3o Cotrim Figueiredo<\/strong> n\u00e3o estar\u00e1 no centro do Porto mas esteve de manh\u00e3 em Rio Tinto e, \u00e0s 20h, marca presen\u00e7a num evento no Terminal de Cruzeiros do Porto de Leix\u00f5es.<\/p>\n<p>Das agendas dispon\u00edveis, as <strong>excep\u00e7\u00f5es<\/strong> s\u00e3o: Andr\u00e9 Ventura (Ponte de Lima e Montemor-o-Novo), Andr\u00e9 Pestana (Coimbra e Palmela) e Ant\u00f3nio Jos\u00e9 Seguro (Montemor-o-Novo, P\u00f3voa de Lanhoso, Famalic\u00e3o e Braga).<\/p>\n<p>Refira-se que Andr\u00e9 Ventura esteve no Porto ontem, quarta-feira.<\/p>\n<p>E refira-se tamb\u00e9m que <strong>Ant\u00f3nio Jos\u00e9 Seguro<\/strong>, ou quem estiver a conduzir, arrisca ser multado por excesso de velocidade: Montemor-o-Novo, P\u00f3voa de Lanhoso, Famalic\u00e3o e Braga no mesmo dia. Com destaque para os dois primeiros locais: <strong>11h30 em Montemor-o-Novo, 14h30 na P\u00f3voa de Lanhoso<\/strong>. Mesmo que termine cedo em Montemor-o-Novo, por exemplo \u00e0s 12h, tem apenas 2h30m para fazer um percurso que demora\u2026 4h15m.<\/p>\n<p style=\"padding-left: 25px; margin-bottom: 10; font-family: Roboto, Arial, Helvetica, sans-serif; font-size: 15px\">&#13;<br \/>\n        Nuno Teixeira da Silva, ZAP \/\/ <a href=\"\" data-wpel-link=\"internal\"\/>&#13;\n    <\/p>\n<p>    <a href=\"https:\/\/zap.aeiou.pt\/subscrever-newsletter\" data-wpel-link=\"internal\" rel=\"nofollow noopener\" target=\"_blank\">&#13;<br \/>\n        <img loading=\"lazy\" decoding=\"async\" class=\"aligncenter size-full wp-image-575475\" src=\"https:\/\/www.europesays.com\/pt\/wp-content\/uploads\/2025\/12\/1765389371_545_2d51fe4a0ba54894421ead1809309ed9-1-450x140.jpg\" alt=\"Subscreva a Newsletter ZAP\" width=\"450\" height=\"140\"\/>&#13;<br \/>\n    <\/a><\/p>\n<p>                <a href=\"https:\/\/whatsapp.com\/channel\/0029VaIC4EE2f3EJZPPSbR34\" data-wpel-link=\"external\" target=\"_blank\" rel=\"nofollow external noopener noreferrer\" class=\"ext-link\">&#13;<br \/>\n                    <img loading=\"lazy\" decoding=\"async\" class=\"aligncenter size-full wp-image-575475\" src=\"https:\/\/www.europesays.com\/pt\/wp-content\/uploads\/2025\/12\/1765389371_770_c68c559d956d4ca20f435ed74a6e71e6.png\" alt=\"Siga-nos no WhatsApp\" width=\"175\" height=\"64\"\/>&#13;<br \/>\n                <\/a><\/p>\n<p>                <a href=\"https:\/\/news.google.com\/publications\/CAAiEHRwZondIV71PDjWNoqMduEqFAgKIhB0cGaJ3SFe9Tw41jaKjHbh?hl=en-US&amp;gl=US&amp;ceid=US%3Aen\" data-wpel-link=\"external\" target=\"_blank\" rel=\"nofollow external noopener noreferrer\" class=\"ext-link\">&#13;<br \/>\n                    <img loading=\"lazy\" decoding=\"async\" class=\"aligncenter size-full wp-image-575475\" src=\"https:\/\/www.europesays.com\/pt\/wp-content\/uploads\/2025\/12\/1765389372_556_5123dd8b087b644fdb8f8603acd1bad4.png\" alt=\"Siga-nos no Google News\" width=\"176\" height=\"64\"\/>&#13;<br \/>\n                <\/a><\/p>\n","protected":false},"excerpt":{"rendered":"Miguel A. Lopes \/ LUSA Lu\u00eds Marques Mendes em campanha presidencial Gouveia e Melo, Marques Mendes, Catarina Martins\u2026&hellip;\n","protected":false},"author":2,"featured_media":230109,"comment_status":"","ping_status":"","sticky":false,"template":"","format":"standard","meta":{"footnotes":"","_share_on_mastodon":"0"},"categories":[10],"tags":[17462,3399,27,28,21811,4056,2258,15,16,9498,14,28245,25,26,21,22,24788,12,13,19,20,52,462,32,1076,23,24,33,17,18,29,30,31],"class_list":["post-230108","post","type-post","status-publish","format-standard","has-post-thumbnail","category-portugal","tag-antonio-filipe","tag-antonio-jose-seguro","tag-breaking-news","tag-breakingnews","tag-catarina-martins","tag-curiosidade","tag-eleicoes","tag-featured-news","tag-featurednews","tag-gouveia-e-melo","tag-headlines","tag-jorge-pinto","tag-latest-news","tag-latestnews","tag-main-news","tag-mainnews","tag-marques-mendes","tag-news","tag-noticias","tag-noticias-principais","tag-noticiasprincipais","tag-politica","tag-porto","tag-portugal","tag-presidenciais-2026","tag-principais-noticias","tag-principaisnoticias","tag-pt","tag-top-stories","tag-topstories","tag-ultimas","tag-ultimas-noticias","tag-ultimasnoticias"],"share_on_mastodon":{"url":"","error":"Validation failed: Text character limit of 500 exceeded"},"_links":{"self":[{"href":"https:\/\/www.europesays.com\/pt\/wp-json\/wp\/v2\/posts\/230108","targetHints":{"allow":["GET"]}}],"collection":[{"href":"https:\/\/www.europesays.com\/pt\/wp-json\/wp\/v2\/posts"}],"about":[{"href":"https:\/\/www.europesays.com\/pt\/wp-json\/wp\/v2\/types\/post"}],"author":[{"embeddable":true,"href":"https:\/\/www.europesays.com\/pt\/wp-json\/wp\/v2\/users\/2"}],"replies":[{"embeddable":true,"href":"https:\/\/www.europesays.com\/pt\/wp-json\/wp\/v2\/comments?post=230108"}],"version-history":[{"count":0,"href":"https:\/\/www.europesays.com\/pt\/wp-json\/wp\/v2\/posts\/230108\/revisions"}],"wp:featuredmedia":[{"embeddable":true,"href":"https:\/\/www.europesays.com\/pt\/wp-json\/wp\/v2\/media\/230109"}],"wp:attachment":[{"href":"https:\/\/www.europesays.com\/pt\/wp-json\/wp\/v2\/media?parent=230108"}],"wp:term":[{"taxonomy":"category","embeddable":true,"href":"https:\/\/www.europesays.com\/pt\/wp-json\/wp\/v2\/categories?post=230108"},{"taxonomy":"post_tag","embeddable":true,"href":"https:\/\/www.europesays.com\/pt\/wp-json\/wp\/v2\/tags?post=230108"}],"curies":[{"name":"wp","href":"https:\/\/api.w.org\/{rel}","templated":true}]}}