{"id":23011,"date":"2025-08-10T00:42:10","date_gmt":"2025-08-10T00:42:10","guid":{"rendered":"https:\/\/www.europesays.com\/pt\/23011\/"},"modified":"2025-08-10T00:42:10","modified_gmt":"2025-08-10T00:42:10","slug":"restos-mortais-de-tres-vitimas-do-11-de-setembro-identificados-quase-24-anos-depois","status":"publish","type":"post","link":"https:\/\/www.europesays.com\/pt\/23011\/","title":{"rendered":"Restos mortais de tr\u00eas v\u00edtimas do 11 de Setembro identificados quase 24 anos depois"},"content":{"rendered":"<p>Os restos mortais de tr\u00eas v\u00edtimas do atentado \u00e0s torres g\u00e9meas do World Trade Center, em Nova Iorque, a 11 de setembro de 2001, foram identificados esta semana, quase 24 anos depois da trag\u00e9dia que marcou os Estados Unidos e o mundo.<\/p>\n<p>De acordo com as autoridades locais, os restos mortais agora identificados s\u00e3o de de Ryan D. Fitzgerald, corretor de c\u00e2mbio que tinha na altura 26 anos, Barbara A. Keating, executiva reformada de uma organiza\u00e7\u00e3o sem fins lucrativos de 72 anos, e uma outra mulher cujo nome que n\u00e3o foi revelado a pedido da fam\u00edlia.<\/p>\n<p>Todos eles j\u00e1 estavam entre os milhares de mortos reportados e que constam entre os nomes no Memorial Nacional do 11 de Setembro, junto ao local onde colidiram os dois avi\u00f5es desviados pelo grupo terrorista Al-Qaeda. No entanto, estas fam\u00edlias, tal como muitas outras, nunca receberam os restos mortais.<\/p>\n<p>Quase 3000 pessoas morreram nas torres g\u00e9meas, no Pent\u00e1gono e num descampado no sudoeste da Pensilv\u00e2nia, onde ca\u00edram quatro avi\u00f5es desviados pelos terroristas da Al-Qaeda a 11 de setembro 2001, sendo que  a maior parte das v\u00edtimas &#8211; mais de 2700 &#8211; registaram-se em Nova Iorque, onde cerca de 40% dos mortos n\u00e3o foram identificados atrav\u00e9s dos seus restos mortais.<\/p>\n<p>Estas tr\u00eas identifica\u00e7\u00f5es resultaram da evolu\u00e7\u00e3o recente dos testes de ADN, segundo o instituto de medicina legal de Nova Iorque. \u201cCada nova identifica\u00e7\u00e3o atesta a promessa da ci\u00eancia e o alcance cont\u00ednuo das fam\u00edlias, apesar do passar do tempo\u201d, disse o m\u00e9dico legista Jason Graham, em comunicado. &#8220;Continuamos este trabalho como forma de homenagear os que morreram&#8221;, sublinhou.<\/p>\n<p>O filho de Barbara Keating disse <a aria-label=\"content\" target=\"_blank\" href=\"https:\/\/nypost.com\/2025\/08\/07\/us-news\/remains-of-3-more-9-11-victims-idd-using-new-dna-tech-officials\/\" rel=\"nofollow noopener\">ao jornal New York Post <\/a>que ficou surpreendido e impressionado com os esfor\u00e7os realizados. &#8220;\u00c9 simplesmente um feito incr\u00edvel, um gesto&#8221;, disse Paul Keating, adiantando que o material gen\u00e9tico que estava na escova de cabelo da sua m\u00e3e foi comparado com amostras de ADN de familiares e que um peda\u00e7o do cart\u00e3o de d\u00e9bito da m\u00e3e foi o outro vest\u00edgio recuperado dos escombros.<\/p>\n<p>Barbara Keating era passageira do voo 11 da American Airlines, que partira de Boston com destino a Los Angeles que foi desviado e depois lan\u00e7ado contra uma das torres do World Trade Center. Ela voltava para casa em Palm Springs, na Calif\u00f3rnia, ap\u00f3s passar o ver\u00e3o em Cape Cod, no estado do Massachusetts.<\/p>\n","protected":false},"excerpt":{"rendered":"Os restos mortais de tr\u00eas v\u00edtimas do atentado \u00e0s torres g\u00e9meas do World Trade Center, em Nova Iorque,&hellip;\n","protected":false},"author":2,"featured_media":23012,"comment_status":"","ping_status":"","sticky":false,"template":"","format":"standard","meta":{"footnotes":""},"categories":[50],"tags":[8157,27,28,413,15,16,14,25,26,21,22,62,12,13,19,20,1035,23,24,17,18,8158,29,30,31,63,64,8159,65],"class_list":{"0":"post-23011","1":"post","2":"type-post","3":"status-publish","4":"format-standard","5":"has-post-thumbnail","7":"category-mundo","8":"tag-11-de-setembro","9":"tag-breaking-news","10":"tag-breakingnews","11":"tag-eua","12":"tag-featured-news","13":"tag-featurednews","14":"tag-headlines","15":"tag-latest-news","16":"tag-latestnews","17":"tag-main-news","18":"tag-mainnews","19":"tag-mundo","20":"tag-news","21":"tag-noticias","22":"tag-noticias-principais","23":"tag-noticiasprincipais","24":"tag-nova-iorque","25":"tag-principais-noticias","26":"tag-principaisnoticias","27":"tag-top-stories","28":"tag-topstories","29":"tag-torres-gemeas","30":"tag-ultimas","31":"tag-ultimas-noticias","32":"tag-ultimasnoticias","33":"tag-world","34":"tag-world-news","35":"tag-world-trade-center","36":"tag-worldnews"},"share_on_mastodon":{"url":"","error":""},"_links":{"self":[{"href":"https:\/\/www.europesays.com\/pt\/wp-json\/wp\/v2\/posts\/23011","targetHints":{"allow":["GET"]}}],"collection":[{"href":"https:\/\/www.europesays.com\/pt\/wp-json\/wp\/v2\/posts"}],"about":[{"href":"https:\/\/www.europesays.com\/pt\/wp-json\/wp\/v2\/types\/post"}],"author":[{"embeddable":true,"href":"https:\/\/www.europesays.com\/pt\/wp-json\/wp\/v2\/users\/2"}],"replies":[{"embeddable":true,"href":"https:\/\/www.europesays.com\/pt\/wp-json\/wp\/v2\/comments?post=23011"}],"version-history":[{"count":0,"href":"https:\/\/www.europesays.com\/pt\/wp-json\/wp\/v2\/posts\/23011\/revisions"}],"wp:featuredmedia":[{"embeddable":true,"href":"https:\/\/www.europesays.com\/pt\/wp-json\/wp\/v2\/media\/23012"}],"wp:attachment":[{"href":"https:\/\/www.europesays.com\/pt\/wp-json\/wp\/v2\/media?parent=23011"}],"wp:term":[{"taxonomy":"category","embeddable":true,"href":"https:\/\/www.europesays.com\/pt\/wp-json\/wp\/v2\/categories?post=23011"},{"taxonomy":"post_tag","embeddable":true,"href":"https:\/\/www.europesays.com\/pt\/wp-json\/wp\/v2\/tags?post=23011"}],"curies":[{"name":"wp","href":"https:\/\/api.w.org\/{rel}","templated":true}]}}