{"id":230117,"date":"2026-01-15T15:45:19","date_gmt":"2026-01-15T15:45:19","guid":{"rendered":"https:\/\/www.europesays.com\/pt\/230117\/"},"modified":"2026-01-15T15:45:19","modified_gmt":"2026-01-15T15:45:19","slug":"secretaria-municipal-de-saude-intensifica-vacinacao-contra-a-febre-amarela","status":"publish","type":"post","link":"https:\/\/www.europesays.com\/pt\/230117\/","title":{"rendered":"Secretaria Municipal de Sa\u00fade intensifica vacina\u00e7\u00e3o contra a Febre Amarela"},"content":{"rendered":"<p style=\"text-align: justify;\">A Prefeitura de Bragan\u00e7a Paulista, por meio da Secretaria Municipal de Sa\u00fade, refor\u00e7a a import\u00e2ncia da vacina\u00e7\u00e3o contra a Febre Amarela como principal forma de preven\u00e7\u00e3o da doen\u00e7a. A a\u00e7\u00e3o faz parte das estrat\u00e9gias permanentes de vigil\u00e2ncia e prote\u00e7\u00e3o da popula\u00e7\u00e3o, especialmente diante da circula\u00e7\u00e3o do v\u00edrus em \u00e1reas silvestres do Estado de S\u00e3o Paulo.<\/p>\n<p style=\"text-align: justify;\">A imuniza\u00e7\u00e3o \u00e9 destinada a pessoas a partir de 6 meses de idade que ainda n\u00e3o receberam a dose ou n\u00e3o possuem o comprovante da vacina contra a Febre Amarela. Al\u00e9m das a\u00e7\u00f5es extramuros, o imunizante est\u00e1 dispon\u00edvel regularmente nas 29 Unidades de Sa\u00fade do munic\u00edpio, durante o hor\u00e1rio de funcionamento, garantindo amplo acesso \u00e0 popula\u00e7\u00e3o.<\/p>\n<p style=\"text-align: justify;\">Em 2025, Bragan\u00e7a Paulista teve 27 notifica\u00e7\u00f5es, 06 casos confirmados, 20 descartados, 01 em investiga\u00e7\u00e3o e 04 \u00f3bitos.<\/p>\n<p style=\"text-align: justify;\">Como forma de ampliar a cobertura vacinal, a Secretaria de Sa\u00fade realizar\u00e1 pontos espec\u00edficos de vacina\u00e7\u00e3o em locais de grande circula\u00e7\u00e3o. Confira o cronograma:<br \/>\u00a0<br \/>\u00a0\u2013 15 de janeiro, na feira noturna, das 18h \u00e0s 21h;<\/p>\n<p style=\"text-align: justify;\">\u2013 17 de janeiro, em frente ao Mercad\u00e3o, das 9h \u00e0s 16h;<\/p>\n<p style=\"text-align: justify;\">\u2013 24 de janeiro, no Terminal Rodovi\u00e1rio Velho (Jo\u00e3o Solis Garcia), das 9h \u00e0s 16h.<\/p>\n<p style=\"text-align: justify;\">\u2013 29 de janeiro, na feira noturna, das 18h \u00e0s 21h,<\/p>\n<p style=\"text-align: justify;\">\u2013 31 de janeiro, em frente ao Mercad\u00e3o, das 9h \u00e0s 16h.<\/p>\n<p style=\"text-align: justify;\">A Prefeitura orienta que os mun\u00edcipes levem documento com foto e, se poss\u00edvel, a carteira de vacina\u00e7\u00e3o. A vacina\u00e7\u00e3o \u00e9 segura, gratuita e essencial para a prote\u00e7\u00e3o individual e coletiva contra a Febre Amarela.<\/p>\n","protected":false},"excerpt":{"rendered":"A Prefeitura de Bragan\u00e7a Paulista, por meio da Secretaria Municipal de Sa\u00fade, refor\u00e7a a import\u00e2ncia da vacina\u00e7\u00e3o contra&hellip;\n","protected":false},"author":2,"featured_media":230118,"comment_status":"","ping_status":"","sticky":false,"template":"","format":"standard","meta":{"footnotes":""},"categories":[86],"tags":[24961,44148,44144,44156,44152,44153,44155,44147,44151,24960,116,44149,44154,44150,24971,24975,24967,32,44143,33,44146,117,44145],"class_list":{"0":"post-230117","1":"post","2":"type-post","3":"status-publish","4":"format-standard","5":"has-post-thumbnail","7":"category-saude","8":"tag-administrao-pblica","9":"tag-assistncia-social-brangana-paulista","10":"tag-brangana-paulista-sp","11":"tag-cidade-de-brangana-paulista","12":"tag-cultura-em-brangana-paulista","13":"tag-desenvolvimento-urbano-brangana-paulista","14":"tag-dirio-oficial-brangana-paulista","15":"tag-educao-brangana-paulista","16":"tag-eventos-brangana-paulista","17":"tag-governo-municipal","18":"tag-health","19":"tag-iptu-brangana-paulista","20":"tag-meio-ambiente-brangana-paulista","21":"tag-notcias-brangana-paulista","22":"tag-obras-e-infraestrutura","23":"tag-ouvidoria-municipal","24":"tag-portal-da-transparncia","25":"tag-portugal","26":"tag-prefeitura-de-brangana-paulista","27":"tag-pt","28":"tag-sade-brangana-paulista","29":"tag-saude","30":"tag-servios-pblicos-brangana-paulista"},"share_on_mastodon":{"url":"","error":"Validation failed: Text character limit of 500 exceeded"},"_links":{"self":[{"href":"https:\/\/www.europesays.com\/pt\/wp-json\/wp\/v2\/posts\/230117","targetHints":{"allow":["GET"]}}],"collection":[{"href":"https:\/\/www.europesays.com\/pt\/wp-json\/wp\/v2\/posts"}],"about":[{"href":"https:\/\/www.europesays.com\/pt\/wp-json\/wp\/v2\/types\/post"}],"author":[{"embeddable":true,"href":"https:\/\/www.europesays.com\/pt\/wp-json\/wp\/v2\/users\/2"}],"replies":[{"embeddable":true,"href":"https:\/\/www.europesays.com\/pt\/wp-json\/wp\/v2\/comments?post=230117"}],"version-history":[{"count":0,"href":"https:\/\/www.europesays.com\/pt\/wp-json\/wp\/v2\/posts\/230117\/revisions"}],"wp:featuredmedia":[{"embeddable":true,"href":"https:\/\/www.europesays.com\/pt\/wp-json\/wp\/v2\/media\/230118"}],"wp:attachment":[{"href":"https:\/\/www.europesays.com\/pt\/wp-json\/wp\/v2\/media?parent=230117"}],"wp:term":[{"taxonomy":"category","embeddable":true,"href":"https:\/\/www.europesays.com\/pt\/wp-json\/wp\/v2\/categories?post=230117"},{"taxonomy":"post_tag","embeddable":true,"href":"https:\/\/www.europesays.com\/pt\/wp-json\/wp\/v2\/tags?post=230117"}],"curies":[{"name":"wp","href":"https:\/\/api.w.org\/{rel}","templated":true}]}}