{"id":230121,"date":"2026-01-15T15:48:07","date_gmt":"2026-01-15T15:48:07","guid":{"rendered":"https:\/\/www.europesays.com\/pt\/230121\/"},"modified":"2026-01-15T15:48:07","modified_gmt":"2026-01-15T15:48:07","slug":"peixotos-de-viana-investem-20-milhoes-em-lisboa-e-criam-joint-venture-com-ferreiras-do-funchal-comercio","status":"publish","type":"post","link":"https:\/\/www.europesays.com\/pt\/230121\/","title":{"rendered":"Peixotos de Viana investem 20 milh\u00f5es em Lisboa e criam \u201cjoint venture\u201d com Ferreiras do Funchal &#8211; Com\u00e9rcio"},"content":{"rendered":"<p class=\"\">&#13;<br \/>\n        Nascida numa pequena casa agr\u00edcola em Viana do Castelo, dois anos depois da Revolu\u00e7\u00e3o dos Cravos, come\u00e7ou por vender materiais de constru\u00e7\u00e3o b\u00e1sicos como tijolos, areia e cimento.&#13;\n    <\/p>\n<p class=\"\">&#13;<br \/>\n        Liderada por seis irm\u00e3os, a Casa Peixoto viria a tornar-se \u201ca maior empresa de materiais de constru\u00e7\u00e3o em Portugal\u201d, com oito lojas em territ\u00f3rio nacional (Viana do Castelo, Porto, Braga, Guimar\u00e3es, Aveiro, Alhandra e Angra do Hero\u00edsmo) e uma em Paris, empregando mais de 300 pessoas e uma fatura\u00e7\u00e3o da ordem dos 80 milh\u00f5es de euros.&#13;\n    <\/p>\n<p class=\"\">&#13;<br \/>\n        A chegada \u00e0 capital do pa\u00eds est\u00e1 prevista para este ano, com a abertura de um mega \u201cshowroom\u201d na zona do Parque das Na\u00e7\u00f5es, num investimento or\u00e7ado em 20 milh\u00f5es de euros, e outra loja em S\u00e3o Jo\u00e3o da Talha, seguindo-se Palmela, onde prev\u00ea investir 4,5 milh\u00f5es.&#13;\n    <\/p>\n<p class=\"\">&#13;<br \/>\n        Entretanto, a Casa Peixoto aliou-se ao madeirense grupo Ferreira\u2019s na abertura de um \u201cshowroom\u201d no Funchal. &#13;\n    <\/p>\n<p class=\"\">&#13;<br \/>\n        O Ferreiras Design Space, inaugurado esta segunda-feira, 12 de janeiro, num investimento de quatro milh\u00f5es de euros, \u201csurge no \u00e2mbito de uma parceria estrat\u00e9gica entre o grupo Ferreira\u2019s e a Casa Peixoto\u201d, explica o grupo vianense, em comunicado. &#13;\n    <\/p>\n<p class=\"\">&#13;<br \/>\n        Uma parceria \u201cestruturada numa \u2018joint venture\u2019 entre as duas empresas, visa refor\u00e7ar a oferta dispon\u00edvel na ilha, combinando o conhecimento local e a hist\u00f3ria da Ferreira\u2019s com a escala, especializa\u00e7\u00e3o e capacidade operacional da Casa Peixoto, consolidando uma presen\u00e7a robusta na regi\u00e3o\u201d, enfatiza a empresa dos irm\u00e3os Peixoto.&#13;\n    <\/p>\n<p class=\"\">&#13;<br \/>\n        No \u00e2mbito deste projeto, revela, \u201cest\u00e1 tamb\u00e9m prevista, numa fase posterior, a abertura da primeira loja Casa Peixoto na Madeira, que resultar\u00e1 da reconvers\u00e3o da anterior loja Ferreira\u2019s\u201d.&#13;\n    <\/p>\n<p class=\"\">&#13;<br \/>\n        \u201cOs investimentos que estamos a realizar s\u00e3o de grande import\u00e2ncia estrat\u00e9gica, especialmente considerando o crescimento cont\u00ednuo dos projetos de constru\u00e7\u00e3o e renova\u00e7\u00e3o e do setor imobili\u00e1rio na regi\u00e3o\u201d, afirma Luciano Peixoto, administrador da Casa Peixoto.&#13;\n    <\/p>\n","protected":false},"excerpt":{"rendered":"&#13; Nascida numa pequena casa agr\u00edcola em Viana do Castelo, dois anos depois da Revolu\u00e7\u00e3o dos Cravos, come\u00e7ou&hellip;\n","protected":false},"author":2,"featured_media":230122,"comment_status":"","ping_status":"","sticky":false,"template":"","format":"standard","meta":{"footnotes":""},"categories":[83],"tags":[88,89,90,20916,42864,797,44157,16648,32,33,3105],"class_list":{"0":"post-230121","1":"post","2":"type-post","3":"status-publish","4":"format-standard","5":"has-post-thumbnail","7":"category-empresas","8":"tag-business","9":"tag-economy","10":"tag-empresas","11":"tag-funchal","12":"tag-joint-venture","13":"tag-lisboa","14":"tag-luciano-de-samosata","15":"tag-milhoes","16":"tag-portugal","17":"tag-pt","18":"tag-viana-do-castelo"},"share_on_mastodon":{"url":"https:\/\/pubeurope.com\/@pt\/115899905108324991","error":""},"_links":{"self":[{"href":"https:\/\/www.europesays.com\/pt\/wp-json\/wp\/v2\/posts\/230121","targetHints":{"allow":["GET"]}}],"collection":[{"href":"https:\/\/www.europesays.com\/pt\/wp-json\/wp\/v2\/posts"}],"about":[{"href":"https:\/\/www.europesays.com\/pt\/wp-json\/wp\/v2\/types\/post"}],"author":[{"embeddable":true,"href":"https:\/\/www.europesays.com\/pt\/wp-json\/wp\/v2\/users\/2"}],"replies":[{"embeddable":true,"href":"https:\/\/www.europesays.com\/pt\/wp-json\/wp\/v2\/comments?post=230121"}],"version-history":[{"count":0,"href":"https:\/\/www.europesays.com\/pt\/wp-json\/wp\/v2\/posts\/230121\/revisions"}],"wp:featuredmedia":[{"embeddable":true,"href":"https:\/\/www.europesays.com\/pt\/wp-json\/wp\/v2\/media\/230122"}],"wp:attachment":[{"href":"https:\/\/www.europesays.com\/pt\/wp-json\/wp\/v2\/media?parent=230121"}],"wp:term":[{"taxonomy":"category","embeddable":true,"href":"https:\/\/www.europesays.com\/pt\/wp-json\/wp\/v2\/categories?post=230121"},{"taxonomy":"post_tag","embeddable":true,"href":"https:\/\/www.europesays.com\/pt\/wp-json\/wp\/v2\/tags?post=230121"}],"curies":[{"name":"wp","href":"https:\/\/api.w.org\/{rel}","templated":true}]}}