{"id":230134,"date":"2026-01-15T15:59:12","date_gmt":"2026-01-15T15:59:12","guid":{"rendered":"https:\/\/www.europesays.com\/pt\/230134\/"},"modified":"2026-01-15T15:59:12","modified_gmt":"2026-01-15T15:59:12","slug":"os-riscos-por-tras-do-ganho-estetico","status":"publish","type":"post","link":"https:\/\/www.europesays.com\/pt\/230134\/","title":{"rendered":"os riscos por tr\u00e1s do ganho est\u00e9tico"},"content":{"rendered":"<p>Nos \u00faltimos anos, tenho observado um aumento preocupante de pacientes jovens chegando ao consult\u00f3rio com sinais de inj\u00faria renal. Muitos deles n\u00e3o apresentam <strong><a href=\"https:\/\/www.folhavitoria.com.br\/tag\/doencas-cronicas\/\" rel=\"nofollow noopener\" target=\"_blank\">doen\u00e7as cr\u00f4nicas<\/a><\/strong>, mas compartilham um ponto em comum: <strong>o uso de anabolizantes para fins est\u00e9ticos. <\/strong><\/p>\n<p>A busca por ganho r\u00e1pido de massa muscular, impulsionada pelas <strong><a href=\"https:\/\/www.folhavitoria.com.br\/tag\/redes-sociais\/\" rel=\"nofollow noopener\" target=\"_blank\">redes sociais<\/a><\/strong>, tem levado pessoas a utilizarem horm\u00f4nios sem indica\u00e7\u00e3o m\u00e9dica, em doses muito acima das administradas em tratamentos cl\u00ednicos. O problema \u00e9 que esses compostos podem causar danos renais s\u00e9rios e, muitas vezes, irrevers\u00edveis.<\/p>\n<p>Anabolizantes e os impactos nos rins<\/p>\n<p>Os anabolizantes aumentam o risco de inj\u00faria renal por diferentes mecanismos. Eles elevam a press\u00e3o arterial, favorecem reten\u00e7\u00e3o de s\u00f3dio e estimulam um crescimento exagerado da massa muscular, o que sobrecarrega o <strong><a href=\"https:\/\/www.folhavitoria.com.br\/tag\/rins\/\" rel=\"nofollow noopener\" target=\"_blank\">rim<\/a><\/strong>. <\/p>\n<p>Al\u00e9m disso, alguns usu\u00e1rios fazem combina\u00e7\u00f5es perigosas, <strong>associando horm\u00f4nios, suplementos de prote\u00ednas em excesso e subst\u00e2ncias hepatot\u00f3xicas.<\/strong> Esse \u201ccoquetel\u201d produz inflama\u00e7\u00e3o nos t\u00fabulos renais, altera a filtra\u00e7\u00e3o do sangue e pode desencadear quadros como protein\u00faria (prote\u00edna na urina, algo anormal), insufici\u00eancia renal aguda e at\u00e9 glomerulopatias graves.<\/p>\n<p>Outro ponto que me preocupa \u00e9 que muitos desses produtos s\u00e3o adquiridos no mercado paralelo, sem controle de pureza ou dosagem. J\u00e1 acompanhei casos em que o paciente acreditava estar usando apenas \u201chorm\u00f4nios\u201d, mas o frasco continha estimulantes, solventes t\u00f3xicos e at\u00e9 metais pesados, aumentando ainda mais o potencial de toxicidade. <\/p>\n<p><strong>LEIA TAMB\u00c9M | <a href=\"https:\/\/www.folhavitoria.com.br\/saude\/entre-o-ritmo-do-corpo-e-o-silencio-da-mente-a-corrida-como-cura\/\" rel=\"nofollow noopener\" target=\"_blank\">Entre o ritmo do corpo e o sil\u00eancio da mente: a corrida como cura<\/a><\/strong><\/p>\n<p>Em v\u00e1rios casos que acompanhei, o paciente s\u00f3 procurou ajuda quando come\u00e7ou a apresentar incha\u00e7o, cansa\u00e7o extremo ou altera\u00e7\u00e3o da urina, sinais que j\u00e1 indicam uma les\u00e3o significativa.<\/p>\n<p>Falsa sensa\u00e7\u00e3o de seguran\u00e7a<\/p>\n<p>A falsa sensa\u00e7\u00e3o de seguran\u00e7a tamb\u00e9m \u00e9 comum. Muitos usu\u00e1rios acreditam que \u201cciclar\u201d ou usar <strong><a href=\"https:\/\/uploads.folhavitoria.com.br\/2024\/10\/HAaRpOeN-remedios-jpg.webp\" rel=\"nofollow noopener\" target=\"_blank\">medicamentos<\/a><\/strong> protetores evita os danos. Na pr\u00e1tica, isso n\u00e3o impede a agress\u00e3o renal. O rim n\u00e3o avisa de forma imediata que est\u00e1 sofrendo; a les\u00e3o costuma ser silenciosa at\u00e9 atingir um grau mais avan\u00e7ado. <\/p>\n<p>A realiza\u00e7\u00e3o de exames peri\u00f3dicos, como creatinina, rela\u00e7\u00e3o albumina\/creatinina urin\u00e1rias e a medi\u00e7\u00e3o da press\u00e3o arterial, s\u00e3o fundamentais para a detec\u00e7\u00e3o precoce de altera\u00e7\u00e3o da fun\u00e7\u00e3o renal.<\/p>\n<p>\u00c9 poss\u00edvel ganhar <strong><a href=\"https:\/\/www.folhavitoria.com.br\/saude\/\" rel=\"nofollow noopener\" target=\"_blank\">sa\u00fade<\/a><\/strong>, for\u00e7a e condicionamento sem recorrer a anabolizantes. Alimenta\u00e7\u00e3o adequada, treino estruturado, descanso e acompanhamento profissional trazem resultados consistentes e seguros. No consult\u00f3rio, vejo diariamente que reparar um rim lesionado \u00e9 muito mais dif\u00edcil do que evitar o dano desde o in\u00edcio. <\/p>\n<p>O caminho mais seguro continua sendo a informa\u00e7\u00e3o, a preven\u00e7\u00e3o e o cuidado respons\u00e1vel com o pr\u00f3prio corpo.<\/p>\n","protected":false},"excerpt":{"rendered":"Nos \u00faltimos anos, tenho observado um aumento preocupante de pacientes jovens chegando ao consult\u00f3rio com sinais de inj\u00faria&hellip;\n","protected":false},"author":2,"featured_media":230135,"comment_status":"","ping_status":"","sticky":false,"template":"","format":"standard","meta":{"footnotes":""},"categories":[86],"tags":[21264,34436,4357,11151,116,32,33,26871,117,2640],"class_list":{"0":"post-230134","1":"post","2":"type-post","3":"status-publish","4":"format-standard","5":"has-post-thumbnail","7":"category-saude","8":"tag-anabolizantes","9":"tag-coluna-vida-saudavel","10":"tag-doenca","11":"tag-doencas-cronicas","12":"tag-health","13":"tag-portugal","14":"tag-pt","15":"tag-rins","16":"tag-saude","17":"tag-vida-saudavel"},"share_on_mastodon":{"url":"https:\/\/pubeurope.com\/@pt\/115899948491811168","error":""},"_links":{"self":[{"href":"https:\/\/www.europesays.com\/pt\/wp-json\/wp\/v2\/posts\/230134","targetHints":{"allow":["GET"]}}],"collection":[{"href":"https:\/\/www.europesays.com\/pt\/wp-json\/wp\/v2\/posts"}],"about":[{"href":"https:\/\/www.europesays.com\/pt\/wp-json\/wp\/v2\/types\/post"}],"author":[{"embeddable":true,"href":"https:\/\/www.europesays.com\/pt\/wp-json\/wp\/v2\/users\/2"}],"replies":[{"embeddable":true,"href":"https:\/\/www.europesays.com\/pt\/wp-json\/wp\/v2\/comments?post=230134"}],"version-history":[{"count":0,"href":"https:\/\/www.europesays.com\/pt\/wp-json\/wp\/v2\/posts\/230134\/revisions"}],"wp:featuredmedia":[{"embeddable":true,"href":"https:\/\/www.europesays.com\/pt\/wp-json\/wp\/v2\/media\/230135"}],"wp:attachment":[{"href":"https:\/\/www.europesays.com\/pt\/wp-json\/wp\/v2\/media?parent=230134"}],"wp:term":[{"taxonomy":"category","embeddable":true,"href":"https:\/\/www.europesays.com\/pt\/wp-json\/wp\/v2\/categories?post=230134"},{"taxonomy":"post_tag","embeddable":true,"href":"https:\/\/www.europesays.com\/pt\/wp-json\/wp\/v2\/tags?post=230134"}],"curies":[{"name":"wp","href":"https:\/\/api.w.org\/{rel}","templated":true}]}}