{"id":230142,"date":"2026-01-15T16:04:20","date_gmt":"2026-01-15T16:04:20","guid":{"rendered":"https:\/\/www.europesays.com\/pt\/230142\/"},"modified":"2026-01-15T16:04:20","modified_gmt":"2026-01-15T16:04:20","slug":"minho-ja-esta-sob-aviso-amarelo-por-causa-da-chuva-e-rajadas-de-75km-h-a-noite-vem-a-neve","status":"publish","type":"post","link":"https:\/\/www.europesays.com\/pt\/230142\/","title":{"rendered":"Minho j\u00e1 est\u00e1 sob aviso amarelo por causa da chuva e rajadas de 75km\/h (\u00e0 noite vem a neve)"},"content":{"rendered":"<p>Os distritos de Braga e Viana do Castelo est\u00e3o desde as 09:00 desta quinta-feira sob aviso amarelo devido \u00e0 chuva e vento fortes, o qual estar\u00e1 em vigor at\u00e9 \u00e0s 15:00. A partir das 21:00, a regi\u00e3o passa a estar sob aviso amarelo mas por causa da neve, indica o Instituto Portugu\u00eas do Mar e da Atmosfera (IPMA). <\/p>\n<p>&#13;<br \/>\n&#13;<br \/>\n&#13;<\/p>\n<p>Para hoje, o IPMA prev\u00ea \u201cchuva persistente e por vezes forte\u201d e tamb\u00e9m vento com \u201crajadas at\u00e9 75 km\/h no litoral\u201d. <\/p>\n<p>Segundo a plataforma <a href=\"https:\/\/www.windy.com\/pt\/-Chuva-trov%C3%A3o-rain?rain,41.629,-7.523,8,m:eOmafVh\" rel=\"noopener nofollow\" target=\"_blank\">Windy<\/a>, hoje consultada por O MINHO, as horas em que est\u00e1 prevista maior precipita\u00e7\u00e3o \u00e9 entre as 13:00 e as 16:00.<\/p>\n<p>A partir das 21:00 e at\u00e9 \u00e0s 18:00 de sexta-feira, os distritos de Braga e Viana do Castelo estar\u00e3o sob aviso amarelo devido \u00e0 neve. <\/p>\n<p>O IPMA prev\u00ea \u201cqueda de neve acima de 1.000\/1.200 m, com acumula\u00e7\u00e3o at\u00e9 10 cm nos pontos mais altos\u201d. <\/p>\n<p>O Instituto alerta, ainda, para os \u201cimpactos prov\u00e1veis\u201d, como \u201cperturba\u00e7\u00e3o causada por queda de neve com acumula\u00e7\u00e3o e poss\u00edvel forma\u00e7\u00e3o de gelo (p. ex., vias condicionadas ou interditas, danos em estruturas ou \u00e1rvores, abastecimentos locais prejudicados)\u201d.<\/p>\n<p>A partir das 15:00 de hoje e at\u00e9 domingo, a costa do Minho, que abrange os concelhos de Esposende, Viana do Castelo e Caminha, tamb\u00e9m estar\u00e1 sob avisos amarelo e laranja devido \u00e0 agita\u00e7\u00e3o mar\u00edtima. S\u00e3o esperadas ondas at\u00e9 10 metros de altura.<\/p>\n<p>O aviso laranja \u00e9 emitido pelo IPMA sempre que existe \u201csitua\u00e7\u00e3o meteorol\u00f3gica de risco moderado a elevado e o amarelo, quando h\u00e1 uma situa\u00e7\u00e3o de risco para determinadas atividades dependentes da situa\u00e7\u00e3o meteorol\u00f3gica.<\/p>\n","protected":false},"excerpt":{"rendered":"Os distritos de Braga e Viana do Castelo est\u00e3o desde as 09:00 desta quinta-feira sob aviso amarelo devido&hellip;\n","protected":false},"author":2,"featured_media":230143,"comment_status":"","ping_status":"","sticky":false,"template":"","format":"standard","meta":{"footnotes":""},"categories":[10],"tags":[27,28,15,16,14,25,26,21,22,12,13,19,20,32,23,24,33,17,18,29,30,31],"class_list":{"0":"post-230142","1":"post","2":"type-post","3":"status-publish","4":"format-standard","5":"has-post-thumbnail","7":"category-portugal","8":"tag-breaking-news","9":"tag-breakingnews","10":"tag-featured-news","11":"tag-featurednews","12":"tag-headlines","13":"tag-latest-news","14":"tag-latestnews","15":"tag-main-news","16":"tag-mainnews","17":"tag-news","18":"tag-noticias","19":"tag-noticias-principais","20":"tag-noticiasprincipais","21":"tag-portugal","22":"tag-principais-noticias","23":"tag-principaisnoticias","24":"tag-pt","25":"tag-top-stories","26":"tag-topstories","27":"tag-ultimas","28":"tag-ultimas-noticias","29":"tag-ultimasnoticias"},"share_on_mastodon":{"url":"https:\/\/pubeurope.com\/@pt\/115899968034040195","error":""},"_links":{"self":[{"href":"https:\/\/www.europesays.com\/pt\/wp-json\/wp\/v2\/posts\/230142","targetHints":{"allow":["GET"]}}],"collection":[{"href":"https:\/\/www.europesays.com\/pt\/wp-json\/wp\/v2\/posts"}],"about":[{"href":"https:\/\/www.europesays.com\/pt\/wp-json\/wp\/v2\/types\/post"}],"author":[{"embeddable":true,"href":"https:\/\/www.europesays.com\/pt\/wp-json\/wp\/v2\/users\/2"}],"replies":[{"embeddable":true,"href":"https:\/\/www.europesays.com\/pt\/wp-json\/wp\/v2\/comments?post=230142"}],"version-history":[{"count":0,"href":"https:\/\/www.europesays.com\/pt\/wp-json\/wp\/v2\/posts\/230142\/revisions"}],"wp:featuredmedia":[{"embeddable":true,"href":"https:\/\/www.europesays.com\/pt\/wp-json\/wp\/v2\/media\/230143"}],"wp:attachment":[{"href":"https:\/\/www.europesays.com\/pt\/wp-json\/wp\/v2\/media?parent=230142"}],"wp:term":[{"taxonomy":"category","embeddable":true,"href":"https:\/\/www.europesays.com\/pt\/wp-json\/wp\/v2\/categories?post=230142"},{"taxonomy":"post_tag","embeddable":true,"href":"https:\/\/www.europesays.com\/pt\/wp-json\/wp\/v2\/tags?post=230142"}],"curies":[{"name":"wp","href":"https:\/\/api.w.org\/{rel}","templated":true}]}}