{"id":230158,"date":"2026-01-15T16:16:07","date_gmt":"2026-01-15T16:16:07","guid":{"rendered":"https:\/\/www.europesays.com\/pt\/230158\/"},"modified":"2026-01-15T16:16:07","modified_gmt":"2026-01-15T16:16:07","slug":"devolver-embalagens-de-bebidas-tera-reembolso-de-10-centimos-a-partir-de-10-de-abril-residuos","status":"publish","type":"post","link":"https:\/\/www.europesays.com\/pt\/230158\/","title":{"rendered":"Devolver embalagens de bebidas ter\u00e1 reembolso de 10 c\u00eantimos a partir de 10 de Abril | Res\u00edduos"},"content":{"rendered":"<p>O Governo definiu oficialmente em dez c\u00eantimos o valor de dep\u00f3sito a cobrar por cada embalagem de bebida abrangida pelo futuro Sistema de Dep\u00f3sito e Reembolso (SDR).<\/p>\n<p>Este novo sistema tem data marcada para entrar em <a href=\"https:\/\/www.publico.pt\/2025\/11\/05\/azul\/noticia\/sistema-deposito-reembolso-garrafas-comeca-10-abril-2026-2153403\" rel=\"nofollow noopener\" target=\"_blank\">funcionamento a 10 de Abril<\/a>.<\/p>\n<p>A medida foi formalizada atrav\u00e9s de um despacho dos gabinetes dos Secret\u00e1rios de Estado da Economia e do Ambiente, publicado esta quinta-feira em Di\u00e1rio da Rep\u00fablica.<\/p>\n<p>Valor \u00fanico e transversal<\/p>\n<p>Na fase de arranque, o Governo optou por um valor unit\u00e1rio fixo, independentemente do volume ou do material da embalagem (pl\u00e1stico, alum\u00ednio ou a\u00e7o), para &#8220;maximizar a simplicidade de aplica\u00e7\u00e3o, a clareza para o consumidor e a efici\u00eancia para os operadores econ\u00f3micos&#8221;.<\/p>\n<p>Esta decis\u00e3o, refere o despacho, foi fundamentada em estudos de mercado, avalia\u00e7\u00f5es de acessibilidade econ\u00f3mica e an\u00e1lises de risco de fraude.<\/p>\n<p>O Governo salvaguarda, contudo, que este montante possa ser ajustado. O diploma prev\u00ea a monitoriza\u00e7\u00e3o e reavalia\u00e7\u00e3o peri\u00f3dica do valor, podendo este ser adaptado em fun\u00e7\u00e3o das taxas de devolu\u00e7\u00e3o alcan\u00e7adas e da evolu\u00e7\u00e3o do mercado.<\/p>\n<p>        &#13;<\/p>\n<p>&#13;<br \/>\n                &#13;\n            <\/p>\n<p>&#13;<\/p>\n<p>Como vai funcionar?<\/p>\n<p>O funcionamento do sistema prev\u00ea que o valor do dep\u00f3sito seja cobrado inicialmente pelas entidades gestoras aos embaladores aderentes por cada embalagem colocada no mercado. Este custo \u00e9 transmitido ao longo de toda a cadeia de distribui\u00e7\u00e3o, devendo ser discriminado em todas as facturas e identificado nos suportes de pre\u00e7o, at\u00e9 chegar ao consumidor final.<\/p>\n<p>O valor de dez c\u00eantimos \u00e9 cobrado ao consumidor no acto da compra e \u00e9 totalmente recuper\u00e1vel \u2014 e isento de imposto \u2014 quando a embalagem usada de pl\u00e1stico, alum\u00ednio ou a\u00e7o \u00e9 devolvida nos locais apropriados. Apenas as garrafas de vidro ficam, para j\u00e1, de fora.<\/p>\n<p>O Sistema de Dep\u00f3sito e Reembolso contar\u00e1 com uma rede de infra-estruturas distribu\u00edda por todo o pa\u00eds, composta por 2500 m\u00e1quinas de recolha autom\u00e1tica de embalagens de bebidas de uso \u00fanico e mais de oito mil pontos de recolha manual.<\/p>\n<p>O objectivo central \u00e9 estimular a devolu\u00e7\u00e3o de res\u00edduos e promover a economia circular. O minist\u00e9rio do Ambiente e Energia prev\u00ea que a introdu\u00e7\u00e3o deste sistema resulte numa poupan\u00e7a anual significativa nos custos de limpeza urbana, estimada entre os 20 e os 40 milh\u00f5es de euros, inserindo-se num plano mais vasto para o sector dos res\u00edduos que visa inverter din\u00e2micas de desempenho insuficientes.<\/p>\n","protected":false},"excerpt":{"rendered":"O Governo definiu oficialmente em dez c\u00eantimos o valor de dep\u00f3sito a cobrar por cada embalagem de bebida&hellip;\n","protected":false},"author":2,"featured_media":230159,"comment_status":"","ping_status":"","sticky":false,"template":"","format":"standard","meta":{"footnotes":""},"categories":[83],"tags":[964,785,88,89,90,5818,119,32,33,11566,6267],"class_list":{"0":"post-230158","1":"post","2":"type-post","3":"status-publish","4":"format-standard","5":"has-post-thumbnail","7":"category-empresas","8":"tag-ambiente","9":"tag-azul","10":"tag-business","11":"tag-economy","12":"tag-empresas","13":"tag-plastico","14":"tag-poluicao","15":"tag-portugal","16":"tag-pt","17":"tag-reciclagem","18":"tag-residuos"},"share_on_mastodon":{"url":"https:\/\/pubeurope.com\/@pt\/115900015531664002","error":""},"_links":{"self":[{"href":"https:\/\/www.europesays.com\/pt\/wp-json\/wp\/v2\/posts\/230158","targetHints":{"allow":["GET"]}}],"collection":[{"href":"https:\/\/www.europesays.com\/pt\/wp-json\/wp\/v2\/posts"}],"about":[{"href":"https:\/\/www.europesays.com\/pt\/wp-json\/wp\/v2\/types\/post"}],"author":[{"embeddable":true,"href":"https:\/\/www.europesays.com\/pt\/wp-json\/wp\/v2\/users\/2"}],"replies":[{"embeddable":true,"href":"https:\/\/www.europesays.com\/pt\/wp-json\/wp\/v2\/comments?post=230158"}],"version-history":[{"count":0,"href":"https:\/\/www.europesays.com\/pt\/wp-json\/wp\/v2\/posts\/230158\/revisions"}],"wp:featuredmedia":[{"embeddable":true,"href":"https:\/\/www.europesays.com\/pt\/wp-json\/wp\/v2\/media\/230159"}],"wp:attachment":[{"href":"https:\/\/www.europesays.com\/pt\/wp-json\/wp\/v2\/media?parent=230158"}],"wp:term":[{"taxonomy":"category","embeddable":true,"href":"https:\/\/www.europesays.com\/pt\/wp-json\/wp\/v2\/categories?post=230158"},{"taxonomy":"post_tag","embeddable":true,"href":"https:\/\/www.europesays.com\/pt\/wp-json\/wp\/v2\/tags?post=230158"}],"curies":[{"name":"wp","href":"https:\/\/api.w.org\/{rel}","templated":true}]}}