{"id":230162,"date":"2026-01-15T16:18:16","date_gmt":"2026-01-15T16:18:16","guid":{"rendered":"https:\/\/www.europesays.com\/pt\/230162\/"},"modified":"2026-01-15T16:18:16","modified_gmt":"2026-01-15T16:18:16","slug":"abusou-do-neto-de-cinco-anos-e-agrediu-a-filha-ao-longo-de-mais-de-30-anos","status":"publish","type":"post","link":"https:\/\/www.europesays.com\/pt\/230162\/","title":{"rendered":"Abusou do neto de cinco anos e agrediu a filha ao longo de mais de 30 anos"},"content":{"rendered":"<p data-remotead-prev-elm=\"true\" data-remotead-elm-id=\"inread\">Segundo um comunicado da PJ, os factos ocorreram &#8220;no seio familiar, em coabita\u00e7\u00e3o, num quotidiano pautado por agress\u00f5es f\u00edsicas, verbais e psicol\u00f3gicas, ao longo de mais de 30 anos, nunca antes denunciado&#8221;.<\/p>\n<p>A suspeita de abusos sexuais cometidos sobre o menino de cinco anos espoletaram a den\u00fancia por parte da escola, diretamente ao piquete da PJ.<\/p>\n<p>Foram, de imediato, desenvolvidas as dilig\u00eancias urgentes e especializadas em mat\u00e9ria de investiga\u00e7\u00e3o de crimes sexuais. &#8220;Considerando a gravidade dos factos e ap\u00f3s avaliar a exist\u00eancia de um risco muito elevado de continuidade da atividade criminosa&#8221;, a PJ procedeu \u00e0 deten\u00e7\u00e3o do suspeito na Cova da Moura.<\/p>\n<p>O detido est\u00e1 indiciado de dois crimes de abuso sexual de crian\u00e7as agravados e um crime de viol\u00eancia dom\u00e9stica. Vai ser presente a primeiro interrogat\u00f3rio judicial para aplica\u00e7\u00e3o de adequadas medidas de coa\u00e7\u00e3o.<\/p>\n","protected":false},"excerpt":{"rendered":"Segundo um comunicado da PJ, os factos ocorreram &#8220;no seio familiar, em coabita\u00e7\u00e3o, num quotidiano pautado por agress\u00f5es&hellip;\n","protected":false},"author":2,"featured_media":230163,"comment_status":"","ping_status":"","sticky":false,"template":"","format":"standard","meta":{"footnotes":""},"categories":[10],"tags":[14110,4249,27,28,15,16,14,603,25,26,21,22,12,13,19,20,4107,32,23,24,33,17,18,29,30,31,3218],"class_list":{"0":"post-230162","1":"post","2":"type-post","3":"status-publish","4":"format-standard","5":"has-post-thumbnail","7":"category-portugal","8":"tag-abuso-sexual-de-criancas","9":"tag-amadora","10":"tag-breaking-news","11":"tag-breakingnews","12":"tag-featured-news","13":"tag-featurednews","14":"tag-headlines","15":"tag-justica","16":"tag-latest-news","17":"tag-latestnews","18":"tag-main-news","19":"tag-mainnews","20":"tag-news","21":"tag-noticias","22":"tag-noticias-principais","23":"tag-noticiasprincipais","24":"tag-pj","25":"tag-portugal","26":"tag-principais-noticias","27":"tag-principaisnoticias","28":"tag-pt","29":"tag-top-stories","30":"tag-topstories","31":"tag-ultimas","32":"tag-ultimas-noticias","33":"tag-ultimasnoticias","34":"tag-violencia-domestica"},"share_on_mastodon":{"url":"https:\/\/pubeurope.com\/@pt\/115900023057258948","error":""},"_links":{"self":[{"href":"https:\/\/www.europesays.com\/pt\/wp-json\/wp\/v2\/posts\/230162","targetHints":{"allow":["GET"]}}],"collection":[{"href":"https:\/\/www.europesays.com\/pt\/wp-json\/wp\/v2\/posts"}],"about":[{"href":"https:\/\/www.europesays.com\/pt\/wp-json\/wp\/v2\/types\/post"}],"author":[{"embeddable":true,"href":"https:\/\/www.europesays.com\/pt\/wp-json\/wp\/v2\/users\/2"}],"replies":[{"embeddable":true,"href":"https:\/\/www.europesays.com\/pt\/wp-json\/wp\/v2\/comments?post=230162"}],"version-history":[{"count":0,"href":"https:\/\/www.europesays.com\/pt\/wp-json\/wp\/v2\/posts\/230162\/revisions"}],"wp:featuredmedia":[{"embeddable":true,"href":"https:\/\/www.europesays.com\/pt\/wp-json\/wp\/v2\/media\/230163"}],"wp:attachment":[{"href":"https:\/\/www.europesays.com\/pt\/wp-json\/wp\/v2\/media?parent=230162"}],"wp:term":[{"taxonomy":"category","embeddable":true,"href":"https:\/\/www.europesays.com\/pt\/wp-json\/wp\/v2\/categories?post=230162"},{"taxonomy":"post_tag","embeddable":true,"href":"https:\/\/www.europesays.com\/pt\/wp-json\/wp\/v2\/tags?post=230162"}],"curies":[{"name":"wp","href":"https:\/\/api.w.org\/{rel}","templated":true}]}}