{"id":230172,"date":"2026-01-15T16:25:12","date_gmt":"2026-01-15T16:25:12","guid":{"rendered":"https:\/\/www.europesays.com\/pt\/230172\/"},"modified":"2026-01-15T16:25:12","modified_gmt":"2026-01-15T16:25:12","slug":"confira-o-visual-da-sophie-turner-como-lara-croft-na-1a-imagem-do-live-action-de-tomb-raider","status":"publish","type":"post","link":"https:\/\/www.europesays.com\/pt\/230172\/","title":{"rendered":"Confira o visual da Sophie Turner como Lara Croft na 1\u00aa imagem do live-action de \u2018Tomb Raider\u2019"},"content":{"rendered":"<p>Para comemorar o in\u00edcio das filmagens, a <strong><a href=\"https:\/\/cinepop.com.br\/tag\/amazon-mgm-studios\/\" title=\"Amazon MGM Studios\" rel=\"nofollow noopener\" target=\"_blank\">Amazon MGM Studios<\/a><\/strong> divulgou a primeira imagem promocional da s\u00e9rie live-action \u2018<strong>Tomb Raider<\/strong>\u2018.<\/p>\n<p>A imagem destaca a atriz <strong><a href=\"https:\/\/cinepop.com.br\/tag\/sophie-turner\/\" title=\"Sophie Turner\" rel=\"nofollow noopener\" target=\"_blank\">Sophie Turner<\/a><\/strong> (\u2018<a href=\"https:\/\/cinepop.com.br\/tag\/game-of-thrones\/\" title=\"Game of Thrones\" rel=\"nofollow noopener\" target=\"_blank\">Game of Thrones<\/a>\u2019) caracterizada como a ic\u00f4nica Lara Croft.<\/p>\n<p>Confira e siga o <a href=\"https:\/\/www.youtube.com\/cinepop?sub_confirmation=1\" target=\"_blank\" rel=\"noopener nofollow\"><strong>CinePOP no Youtube<\/strong><\/a>:<\/p>\n<p><img fetchpriority=\"high\" decoding=\"async\" class=\"alignnone size-full wp-image-712637\" src=\"https:\/\/www.europesays.com\/pt\/wp-content\/uploads\/2026\/01\/SophieTurner-laracraft.webp.webp\" alt=\"\" width=\"800\" height=\"1000\"  \/><\/p>\n<p>O elenco ainda contar\u00e1 com <strong><a href=\"https:\/\/cinepop.com.br\/tag\/sigourney-weaver\/\" title=\"Sigourney Weaver\" rel=\"nofollow noopener\" target=\"_blank\">Sigourney Weaver<\/a><\/strong>, <strong>Jason Isaacs<\/strong>,<strong> Martin Bobb-Semple<\/strong>,<strong> Jack Bannon<\/strong>,<strong> John Heffernan<\/strong>,<strong> Bill Paterson<\/strong>,<strong> Paterson Joseph<\/strong>,<strong> Sasha Luss<\/strong>,<strong> Juliette Motamed<\/strong>,<strong> Celia Imrie <\/strong>e<strong> August Wittgenstein<\/strong>.<\/p>\n<p><strong><a href=\"https:\/\/cinepop.com.br\/tag\/phoebe-waller-bridge\/\" title=\"Phoebe Waller-Bridge\" rel=\"nofollow noopener\" target=\"_blank\">Phoebe Waller-Bridge<\/a><\/strong> (\u2018Fleabag\u2019) \u00e9 respons\u00e1vel pela nova adapta\u00e7\u00e3o, servindo como criadora, roteirista e produtora executiva.<\/p>\n<p>Ela tamb\u00e9m servir\u00e1 como showrunner ao lado de <strong><a href=\"https:\/\/cinepop.com.br\/tag\/jonathan-van-tulleken\/\" title=\"Jonathan Van Tulleken\" rel=\"nofollow noopener\" target=\"_blank\">Jonathan Van Tulleken<\/a>\u00a0<\/strong>e <strong><a href=\"https:\/\/cinepop.com.br\/tag\/chad-hodge\/\" title=\"Chad Hodge\" rel=\"nofollow noopener\" target=\"_blank\">Chad Hodge<\/a><\/strong>.<\/p>\n<p>Vale lembrar que <strong><a href=\"https:\/\/cinepop.com.br\/tag\/sophie-turner\/\" title=\"Sophie Turner\" rel=\"nofollow noopener\" target=\"_blank\">Sophie Turner<\/a><\/strong> ser\u00e1 a terceira atriz a dar vida \u00e0 ic\u00f4nica personagem Lara Croft nos cinemas. Antes dela, <strong><a href=\"https:\/\/cinepop.com.br\/tag\/angelina-jolie\/\" title=\"Angelina Jolie\" rel=\"nofollow noopener\" target=\"_blank\">Angelina Jolie<\/a><\/strong> interpretou a aventureira em<strong> \u2018Lara Croft: Tomb Raider\u2019<\/strong> (2001) e <strong>\u2018Lara Croft: Tomb Raider \u2013 A Origem da Vida\u2019<\/strong> (2003), enquanto <strong><a href=\"https:\/\/cinepop.com.br\/tag\/alicia-vikander\/\" title=\"Alicia Vikander\" rel=\"nofollow noopener\" target=\"_blank\">Alicia Vikander<\/a><\/strong> assumiu o papel em <strong>\u2018Tomb Raider: A Origem\u2019<\/strong> (2018).<\/p>\n<p><img decoding=\"async\" class=\"aioseo-author-bio-compact-image\" src=\"https:\/\/www.europesays.com\/pt\/wp-content\/uploads\/2025\/12\/518345902_10227500520808295_3305238399138933993_n.jpg\" alt=\"author avatar\"\/><br \/>\nFormado em Letras &#8211; Portugu\u00eas\/Literaturas pela UFRJ, apaixonado por cinema e obcecado por filmes de terror.<\/p>\n","protected":false},"excerpt":{"rendered":"Para comemorar o in\u00edcio das filmagens, a Amazon MGM Studios divulgou a primeira imagem promocional da s\u00e9rie live-action&hellip;\n","protected":false},"author":2,"featured_media":230173,"comment_status":"","ping_status":"","sticky":false,"template":"","format":"standard","meta":{"footnotes":""},"categories":[140],"tags":[114,115,147,148,146,32,33],"class_list":{"0":"post-230172","1":"post","2":"type-post","3":"status-publish","4":"format-standard","5":"has-post-thumbnail","7":"category-filmes","8":"tag-entertainment","9":"tag-entretenimento","10":"tag-film","11":"tag-filmes","12":"tag-movies","13":"tag-portugal","14":"tag-pt"},"share_on_mastodon":{"url":"https:\/\/pubeurope.com\/@pt\/115900050508482826","error":""},"_links":{"self":[{"href":"https:\/\/www.europesays.com\/pt\/wp-json\/wp\/v2\/posts\/230172","targetHints":{"allow":["GET"]}}],"collection":[{"href":"https:\/\/www.europesays.com\/pt\/wp-json\/wp\/v2\/posts"}],"about":[{"href":"https:\/\/www.europesays.com\/pt\/wp-json\/wp\/v2\/types\/post"}],"author":[{"embeddable":true,"href":"https:\/\/www.europesays.com\/pt\/wp-json\/wp\/v2\/users\/2"}],"replies":[{"embeddable":true,"href":"https:\/\/www.europesays.com\/pt\/wp-json\/wp\/v2\/comments?post=230172"}],"version-history":[{"count":0,"href":"https:\/\/www.europesays.com\/pt\/wp-json\/wp\/v2\/posts\/230172\/revisions"}],"wp:featuredmedia":[{"embeddable":true,"href":"https:\/\/www.europesays.com\/pt\/wp-json\/wp\/v2\/media\/230173"}],"wp:attachment":[{"href":"https:\/\/www.europesays.com\/pt\/wp-json\/wp\/v2\/media?parent=230172"}],"wp:term":[{"taxonomy":"category","embeddable":true,"href":"https:\/\/www.europesays.com\/pt\/wp-json\/wp\/v2\/categories?post=230172"},{"taxonomy":"post_tag","embeddable":true,"href":"https:\/\/www.europesays.com\/pt\/wp-json\/wp\/v2\/tags?post=230172"}],"curies":[{"name":"wp","href":"https:\/\/api.w.org\/{rel}","templated":true}]}}