{"id":230196,"date":"2026-01-15T16:41:16","date_gmt":"2026-01-15T16:41:16","guid":{"rendered":"https:\/\/www.europesays.com\/pt\/230196\/"},"modified":"2026-01-15T16:41:16","modified_gmt":"2026-01-15T16:41:16","slug":"resistente-ao-congelamento-e-supercontagioso-este-virus-mais-persistente-do-que-a-gripe-poe-medicos-em-alerta-maximo","status":"publish","type":"post","link":"https:\/\/www.europesays.com\/pt\/230196\/","title":{"rendered":"Resistente ao congelamento e supercontagioso, este v\u00edrus mais persistente do que a gripe p\u00f5e m\u00e9dicos em alerta m\u00e1ximo"},"content":{"rendered":"<p>No final do ano, os picos epid\u00eamicos na <strong>Fran\u00e7a<\/strong> se multiplicam, e um protagonista menos <strong>vis\u00edvel<\/strong> ganha terreno: o adenov\u00edrus. Mais <strong>robusto<\/strong> que muitas infec\u00e7\u00f5es sazonais, ele preocupa os <strong>m\u00e9dicos<\/strong> por sua resist\u00eancia e pela facilidade de <strong>transmiss\u00e3o<\/strong>. Em v\u00e1rias regi\u00f5es, exceto em <strong>La R\u00e9union<\/strong>, os servi\u00e7os de sa\u00fade observam um aumento de <strong>casos<\/strong> respirat\u00f3rios com sintomas que lembram a <strong>gripe<\/strong>.<\/p>\n<p>O quadro cl\u00ednico inclui <strong>febre<\/strong> alta, tosse <strong>persistente<\/strong>, fadiga intensa e, em certos casos, manifesta\u00e7\u00f5es <strong>digestivas<\/strong> ou oculares. Essa sobreposi\u00e7\u00e3o de <strong>sinais<\/strong> confunde pacientes e atrasa o <strong>diagn\u00f3stico<\/strong>, favorecendo a circula\u00e7\u00e3o <strong>comunit\u00e1ria<\/strong> do v\u00edrus. Ao contr\u00e1rio da gripe, ele tolera <strong>melhor<\/strong> ambientes secos e produtos <strong>comuns<\/strong> de desinfec\u00e7\u00e3o.<\/p>\n<p>Um advers\u00e1rio mais robusto do que a gripe<\/p>\n<p>O adenov\u00edrus n\u00e3o possui <strong>envelope<\/strong> lip\u00eddico, o que o torna mais <strong>resistente<\/strong> em compara\u00e7\u00e3o com v\u00edrus como o <strong>influenza<\/strong> ou o SARS-CoV-2. Essa estrutura permite <strong>sobreviv\u00eancia<\/strong> prolongada em superf\u00edcies secas, como ma\u00e7anetas e <strong>brinquedos<\/strong>, e dificulta sua <strong>inativa\u00e7\u00e3o<\/strong> por gel hidroalco\u00f3lico.<\/p>\n<p>Segundo o Dr. Eric <strong>Sachinwalla<\/strong>, do Jefferson <strong>Health<\/strong>, \u201co adenov\u00edrus \u00e9 muito <strong>contagioso<\/strong> porque \u00e9 mais <strong>resistente<\/strong>; \u00e1gua e sab\u00e3o, ou desinfetantes comuns, nem sempre <strong>bastam<\/strong>, o que lhe permite <strong>persistir<\/strong> por mais tempo no ambiente\u201d. O resultado \u00e9 uma cadeia de <strong>transmiss\u00e3o<\/strong> que se mant\u00e9m ativa por dias ou at\u00e9 <strong>semanas<\/strong>.<\/p>\n<p>Como se transmite e por que engana<\/p>\n<p>A transmiss\u00e3o ocorre por contato <strong>direto<\/strong> com secre\u00e7\u00f5es respirat\u00f3rias e, menos frequentemente, por via <strong>manuportada<\/strong>. Objetos compartilhados, m\u00e3os mal <strong>higienizadas<\/strong> e got\u00edculas respirat\u00f3rias s\u00e3o os principais <strong>vetores<\/strong>. Em alguns surtos, a via <strong>fecal-oral<\/strong> tamb\u00e9m tem <strong>papel<\/strong>, sobretudo em ambientes de crian\u00e7as pequenas.<\/p>\n<p>A Dra. Fabienne <strong>Kochert<\/strong>, presidente da <strong>AFPA<\/strong>, lembra que superf\u00edcies aparentemente <strong>limpas<\/strong> podem abrigar part\u00edculas <strong>infecciosas<\/strong> por longos per\u00edodos. Essa persist\u00eancia explica por que cadeias escolares e <strong>fam\u00edlias<\/strong> observam cont\u00e1gios em sequ\u00eancia, mesmo com <strong>cuidados<\/strong> b\u00e1sicos.<\/p>\n<p>Sinais a vigiar e riscos para os mais fr\u00e1geis<\/p>\n<p>Os sintomas mais <strong>comuns<\/strong> s\u00e3o febre entre 39 e <strong>40\u00b0C<\/strong>, dor de <strong>garganta<\/strong>, tosse e <strong>cansa\u00e7o<\/strong>. Em crian\u00e7as, a gastroenterite por adenov\u00edrus \u00e9 <strong>frequente<\/strong>, com diarreia e <strong>v\u00f4mitos<\/strong>. A <strong>conjuntivite<\/strong> e a ceratoconjuntivite podem ocorrer, causando olhos <strong>vermelhos<\/strong> e fotofobia <strong>dolorosa<\/strong>.<\/p>\n<p>Na maioria dos casos, o quadro \u00e9 <strong>autolimitado<\/strong> e melhora em uma ou duas <strong>semanas<\/strong>. Contudo, lactentes, idosos e <strong>imunodeprimidos<\/strong> correm risco maior de <strong>complica\u00e7\u00f5es<\/strong>, como bronquiolite, pneumonia e <strong>desidrata\u00e7\u00e3o<\/strong>. Neles, a vigil\u00e2ncia deve ser mais <strong>estreita<\/strong> e o acesso ao <strong>m\u00e9dico<\/strong> antecipado.<\/p>\n<p>Preven\u00e7\u00e3o eficaz no dia a dia<\/p>\n<p>Como \u00e9 mais <strong>tenaz<\/strong> que a gripe, a preven\u00e7\u00e3o exige medidas <strong>rigorosas<\/strong> e consistentes. Priorize a\u00e7\u00f5es que reduzam a <strong>carga<\/strong> viral no ambiente e quebrem cadeias de <strong>cont\u00e1gio<\/strong>:<\/p>\n<ul>\n<li>Lave as m\u00e3os com \u00e1gua e <strong>sab\u00e3o<\/strong> por 40\u201360 segundos, com fric\u00e7\u00e3o met\u00f3dica das <strong>superf\u00edcies<\/strong>.  <\/li>\n<li>Prefira desinfetantes \u00e0 base de <strong>cloro<\/strong> ou per\u00f3xido, seguindo as <strong>instru\u00e7\u00f5es<\/strong> do fabricante.  <\/li>\n<li>Evite compartilhar <strong>toalhas<\/strong>, cosm\u00e9ticos oculares, copos e <strong>talheres<\/strong>.  <\/li>\n<li>Ventile ambientes por 10\u201315 minutos, v\u00e1rias vezes ao <strong>dia<\/strong>.  <\/li>\n<li>Limpe teclados, ma\u00e7anetas e celulares com produtos <strong>adequados<\/strong> e pano <strong>seco<\/strong>.  <\/li>\n<li>Em caso de conjuntivite, n\u00e3o use lentes de <strong>contato<\/strong> e higienize os <strong>olhos<\/strong> com cuidado.  <\/li>\n<li>Mantenha hidrata\u00e7\u00e3o <strong>regular<\/strong> e descanso <strong>suficiente<\/strong>, reduzindo exposi\u00e7\u00e3o a <strong>aglomera\u00e7\u00f5es<\/strong>.  <\/li>\n<\/ul>\n<p>\u201c\u00c9 a combina\u00e7\u00e3o de bons <strong>h\u00e1bitos<\/strong> e de desinfec\u00e7\u00e3o adequada que faz a maior <strong>diferen\u00e7a<\/strong>\u201d, refor\u00e7a um consenso de especialistas em <strong>infec\u00e7\u00f5es<\/strong> respirat\u00f3rias. A repeti\u00e7\u00e3o de gestos <strong>corretos<\/strong>, v\u00e1rias vezes ao dia, \u00e9 essencial para frear a <strong>transmiss\u00e3o<\/strong>.<\/p>\n<p>Tratamento e quando procurar ajuda<\/p>\n<p>N\u00e3o h\u00e1 antiviral de uso <strong>rotineiro<\/strong> contra adenov\u00edrus, e o tratamento \u00e9 de <strong>suporte<\/strong>. Controlar a febre com <strong>paracetamol<\/strong>, manter boa <strong>hidrata\u00e7\u00e3o<\/strong> e repouso s\u00e3o as bases da <strong>recupera\u00e7\u00e3o<\/strong>. Descongestionantes e col\u00edrios lubrificantes podem aliviar <strong>sintomas<\/strong>, com orienta\u00e7\u00e3o <strong>profissional<\/strong>.<\/p>\n<p>Procure assist\u00eancia se houver febre <strong>persistente<\/strong> por mais de 72 horas, dificuldade para <strong>respirar<\/strong>, dor tor\u00e1cica, sinais de <strong>desidrata\u00e7\u00e3o<\/strong> ou piora s\u00fabita do <strong>estado<\/strong> geral. Em beb\u00eas pequenos e pessoas <strong>fr\u00e1geis<\/strong>, \u00e9 prudente consultar mais <strong>cedo<\/strong> para evitar <strong>complica\u00e7\u00f5es<\/strong>.<\/p>\n<p>Um alerta oportuno para o inverno<\/p>\n<p>Com m\u00faltiplos v\u00edrus em <strong>circula\u00e7\u00e3o<\/strong>, o adenov\u00edrus encontra terreno <strong>f\u00e9rtil<\/strong> para se espalhar silenciosamente. Sua <strong>resist\u00eancia<\/strong> a desinfetantes comuns e a capacidade de causar quadros <strong>respirat\u00f3rios<\/strong> e oculares exigem aten\u00e7\u00e3o e <strong>disciplina<\/strong> nos cuidados. A boa not\u00edcia \u00e9 que, na maioria dos casos, o sistema <strong>imunol\u00f3gico<\/strong> d\u00e1 conta do recado com <strong>apoio<\/strong> simples e medidas de <strong>preven\u00e7\u00e3o<\/strong> consistentes.<\/p>\n","protected":false},"excerpt":{"rendered":"No final do ano, os picos epid\u00eamicos na Fran\u00e7a se multiplicam, e um protagonista menos vis\u00edvel ganha terreno:&hellip;\n","protected":false},"author":2,"featured_media":230197,"comment_status":"","ping_status":"","sticky":false,"template":"","format":"standard","meta":{"footnotes":""},"categories":[86],"tags":[609,44161,44162,1418,116,4299,44163,2647,44164,44165,32,33,27247,117,44166,1893],"class_list":{"0":"post-230196","1":"post","2":"type-post","3":"status-publish","4":"format-standard","5":"has-post-thumbnail","7":"category-saude","8":"tag-alerta","9":"tag-congelamento","10":"tag-este","11":"tag-gripe","12":"tag-health","13":"tag-mais","14":"tag-maximo","15":"tag-medicos","16":"tag-persistente","17":"tag-poe","18":"tag-portugal","19":"tag-pt","20":"tag-resistente","21":"tag-saude","22":"tag-supercontagioso","23":"tag-virus"},"share_on_mastodon":{"url":"https:\/\/pubeurope.com\/@pt\/115900113579229278","error":""},"_links":{"self":[{"href":"https:\/\/www.europesays.com\/pt\/wp-json\/wp\/v2\/posts\/230196","targetHints":{"allow":["GET"]}}],"collection":[{"href":"https:\/\/www.europesays.com\/pt\/wp-json\/wp\/v2\/posts"}],"about":[{"href":"https:\/\/www.europesays.com\/pt\/wp-json\/wp\/v2\/types\/post"}],"author":[{"embeddable":true,"href":"https:\/\/www.europesays.com\/pt\/wp-json\/wp\/v2\/users\/2"}],"replies":[{"embeddable":true,"href":"https:\/\/www.europesays.com\/pt\/wp-json\/wp\/v2\/comments?post=230196"}],"version-history":[{"count":0,"href":"https:\/\/www.europesays.com\/pt\/wp-json\/wp\/v2\/posts\/230196\/revisions"}],"wp:featuredmedia":[{"embeddable":true,"href":"https:\/\/www.europesays.com\/pt\/wp-json\/wp\/v2\/media\/230197"}],"wp:attachment":[{"href":"https:\/\/www.europesays.com\/pt\/wp-json\/wp\/v2\/media?parent=230196"}],"wp:term":[{"taxonomy":"category","embeddable":true,"href":"https:\/\/www.europesays.com\/pt\/wp-json\/wp\/v2\/categories?post=230196"},{"taxonomy":"post_tag","embeddable":true,"href":"https:\/\/www.europesays.com\/pt\/wp-json\/wp\/v2\/tags?post=230196"}],"curies":[{"name":"wp","href":"https:\/\/api.w.org\/{rel}","templated":true}]}}