{"id":230206,"date":"2026-01-15T16:47:48","date_gmt":"2026-01-15T16:47:48","guid":{"rendered":"https:\/\/www.europesays.com\/pt\/230206\/"},"modified":"2026-01-15T16:47:48","modified_gmt":"2026-01-15T16:47:48","slug":"vem-ai-uma-tromba-de-agua-tempestade-intensa-atinge-portugal-e-estas-vao-ser-as-regioes-mais-castigadas","status":"publish","type":"post","link":"https:\/\/www.europesays.com\/pt\/230206\/","title":{"rendered":"Vem a\u00ed uma &#8216;tromba de \u00e1gua&#8217;: tempestade intensa atinge Portugal e estas v\u00e3o ser as regi\u00f5es mais &#8216;castigadas&#8217;"},"content":{"rendered":"<p><strong>Portugal continental prepara-se para um epis\u00f3dio de chuva e vento esta quinta-feira, 15 de janeiro, devido \u00e0 passagem r\u00e1pida de uma tempestade com uma frente fria muito ativa, com os maiores impactos previstos no Noroeste, onde podem acumular-se 20 a 35 mm de chuva e ocorrer rajadas que podem chegar aos 80\/90 km\/h em zonas do litoral e serras.<\/strong>\u00a0<\/p>\n<p>De acordo com o Meteored, site especializado em meteorologia, a situa\u00e7\u00e3o meteorol\u00f3gica \u00e9 influenciada pela circula\u00e7\u00e3o atl\u00e2ntica e por uma depress\u00e3o a norte, com uma ciclog\u00e9nese associada que, apesar de n\u00e3o atingir diretamente Portugal, intensifica o fluxo de sul\/sudoeste e \u201cempurra\u201d a frente fria e a tempestade pelo continente.\u00a0<\/p>\n<p>A partir do in\u00edcio da manh\u00e3, a precipita\u00e7\u00e3o dever\u00e1 entrar pelo litoral Norte e Centro, evoluindo depois para um regime de aguaceiros \u00e0 medida que a frente progride para sul e o tempo abre gradualmente no Norte.\u00a0<\/p>\n<p><strong>As zonas mais afetadas pela chuva: foco no Minho e Douro Litoral<\/strong><\/p>\n<p>Segundo a previs\u00e3o divulgada, os distritos de Viana do Castelo e Braga surgem como os mais expostos a chuva persistente e forte, com totais previstos entre 20 e 35 mm.\u00a0<\/p>\n<p>Ainda segundo a mesma an\u00e1lise, h\u00e1 tamb\u00e9m \u00e1reas dos distritos de Vila Real, Porto e Aveiro com valores dentro desse intervalo, enquanto no resto do pa\u00eds a precipita\u00e7\u00e3o dever\u00e1 ser, em geral, inferior a 10 mm.\u00a0<\/p>\n<p>No Porto, a previs\u00e3o aponta para um dia de chuva com per\u00edodos de precipita\u00e7\u00e3o e aguaceiros, acompanhados de vento, num quadro que coincide com avisos oficiais emitidos para o distrito.<\/p>\n<p><strong>Vento forte: rajadas mais prov\u00e1veis no litoral e nas terras altas<\/strong><\/p>\n<p>O vento dever\u00e1 soprar de sul\/sudoeste, por vezes forte no litoral e nas terras altas, com refor\u00e7o entre a manh\u00e3 e o fim da tarde, sobretudo a norte do Cabo Mondego e na \u00e1rea da Serra da Estrela.\u00a0<\/p>\n<p>H\u00e1 indica\u00e7\u00f5es de rajadas at\u00e9 80\/90 km\/h em zonas do litoral dos distritos de Braga e Porto, com pico de intensidade previsto para o in\u00edcio da tarde, sendo este um dos fatores de risco para queda de ramos, instabilidade em estruturas e dificuldades na condu\u00e7\u00e3o.\u00a0<\/p>\n<p>Nos avisos meteorol\u00f3gicos, o IPMA tem sinalizado per\u00edodos de chuva por vezes forte e enquadra tamb\u00e9m o agravamento do estado do mar, que tende a ser um dos impactos mais sens\u00edveis nestas situa\u00e7\u00f5es.\u00a0<\/p>\n<p><strong>Agita\u00e7\u00e3o mar\u00edtima: ondas de 4 a 5 metros e possibilidade de atingir 10 metros<\/strong><\/p>\n<p>Al\u00e9m da chuva e do vento, o estado do mar merece aten\u00e7\u00e3o: o IPMA tem avisos de agita\u00e7\u00e3o mar\u00edtima para v\u00e1rios distritos, com ondas de noroeste entre 4 e 5 metros em per\u00edodos de aviso amarelo.\u00a0<\/p>\n<p>Para o litoral Norte, existem tamb\u00e9m per\u00edodos de aviso laranja associados a ondula\u00e7\u00e3o mais significativa, com refer\u00eancia a ondas de 5 a 5,5 metros e altura m\u00e1xima que pode chegar aos 10 metros, incluindo Porto e Viana do Castelo em janelas espec\u00edficas.\u00a0<\/p>\n<p>A recomenda\u00e7\u00e3o habitual nestes cen\u00e1rios \u00e9 evitar zonas expostas, como molhes, arribas e passeios junto ao mar, porque a ondula\u00e7\u00e3o pode surpreender mesmo quando \u201cparece\u201d controlada.\u00a0<\/p>\n<p><strong>Neve na Serra da Estrela e o que esperar depois da frente<\/strong><\/p>\n<p>O <a href=\"https:\/\/www.tempo.pt\/noticias\/previsao\/chuva-de-35-mm-e-vento-de-90-km-h-os-extremos-da-tempestade-que-amanha-atingira-portugal-zonas-afetadas.html\" target=\"_blank\" rel=\"noreferrer noopener nofollow\">Meteored<\/a> refere ainda que h\u00e1 a possibilidade de queda de neve nos pontos mais altos da Serra da Estrela, associada \u00e0 entrada de ar mais frio ap\u00f3s a passagem da frente e \u00e0 evolu\u00e7\u00e3o do padr\u00e3o atmosf\u00e9rico nos dias seguintes.\u00a0<\/p>\n<p>Depois da tempestade, espera-se que surjam abertas primeiro no litoral Norte e Centro e que a precipita\u00e7\u00e3o fique mais intermitente, em aguaceiros, com descida de temperatura e um ambiente mais inst\u00e1vel na sexta-feira para Portugal continental.\u00a0<\/p>\n<p>Para quem quer planear o dia, a regra pr\u00e1tica \u00e9 simples: quinta-feira dever\u00e1 ser o \u201cpico\u201d do epis\u00f3dio, com aten\u00e7\u00e3o redobrada no Noroeste e na faixa costeira, seguindo os avisos do IPMA \u00e0 medida que forem sendo atualizados.<\/p>\n<p><strong>Leia tamb\u00e9m: <a href=\"https:\/\/postal.pt\/nacional\/vai-haver-cortes-de-agua-prolongados-e-estas-serao-as-regioes-afetadas\/#goog_rewarded\" rel=\"nofollow noopener\" target=\"_blank\">Milhares v\u00e3o ficar sem \u00e1gua nestes dias: vai haver cortes de \u00e1gua prolongados e estas ser\u00e3o as regi\u00f5es afetadas<\/a><\/strong><\/p>\n","protected":false},"excerpt":{"rendered":"Portugal continental prepara-se para um epis\u00f3dio de chuva e vento esta quinta-feira, 15 de janeiro, devido \u00e0 passagem&hellip;\n","protected":false},"author":2,"featured_media":187103,"comment_status":"","ping_status":"","sticky":false,"template":"","format":"standard","meta":{"footnotes":""},"categories":[8],"tags":[27,28,15,16,14,25,26,21,22,12,13,19,20,32,23,24,33,17,18,29,30,31],"class_list":{"0":"post-230206","1":"post","2":"type-post","3":"status-publish","4":"format-standard","5":"has-post-thumbnail","7":"category-principais-noticias","8":"tag-breaking-news","9":"tag-breakingnews","10":"tag-featured-news","11":"tag-featurednews","12":"tag-headlines","13":"tag-latest-news","14":"tag-latestnews","15":"tag-main-news","16":"tag-mainnews","17":"tag-news","18":"tag-noticias","19":"tag-noticias-principais","20":"tag-noticiasprincipais","21":"tag-portugal","22":"tag-principais-noticias","23":"tag-principaisnoticias","24":"tag-pt","25":"tag-top-stories","26":"tag-topstories","27":"tag-ultimas","28":"tag-ultimas-noticias","29":"tag-ultimasnoticias"},"share_on_mastodon":{"url":"https:\/\/pubeurope.com\/@pt\/115900140954152082","error":""},"_links":{"self":[{"href":"https:\/\/www.europesays.com\/pt\/wp-json\/wp\/v2\/posts\/230206","targetHints":{"allow":["GET"]}}],"collection":[{"href":"https:\/\/www.europesays.com\/pt\/wp-json\/wp\/v2\/posts"}],"about":[{"href":"https:\/\/www.europesays.com\/pt\/wp-json\/wp\/v2\/types\/post"}],"author":[{"embeddable":true,"href":"https:\/\/www.europesays.com\/pt\/wp-json\/wp\/v2\/users\/2"}],"replies":[{"embeddable":true,"href":"https:\/\/www.europesays.com\/pt\/wp-json\/wp\/v2\/comments?post=230206"}],"version-history":[{"count":0,"href":"https:\/\/www.europesays.com\/pt\/wp-json\/wp\/v2\/posts\/230206\/revisions"}],"wp:featuredmedia":[{"embeddable":true,"href":"https:\/\/www.europesays.com\/pt\/wp-json\/wp\/v2\/media\/187103"}],"wp:attachment":[{"href":"https:\/\/www.europesays.com\/pt\/wp-json\/wp\/v2\/media?parent=230206"}],"wp:term":[{"taxonomy":"category","embeddable":true,"href":"https:\/\/www.europesays.com\/pt\/wp-json\/wp\/v2\/categories?post=230206"},{"taxonomy":"post_tag","embeddable":true,"href":"https:\/\/www.europesays.com\/pt\/wp-json\/wp\/v2\/tags?post=230206"}],"curies":[{"name":"wp","href":"https:\/\/api.w.org\/{rel}","templated":true}]}}