{"id":230213,"date":"2026-01-15T16:54:19","date_gmt":"2026-01-15T16:54:19","guid":{"rendered":"https:\/\/www.europesays.com\/pt\/230213\/"},"modified":"2026-01-15T16:54:19","modified_gmt":"2026-01-15T16:54:19","slug":"euro2026-quem-sao-os-18-herois-do-mar-no-campeonato-da-europa-sapo","status":"publish","type":"post","link":"https:\/\/www.europesays.com\/pt\/230213\/","title":{"rendered":"Euro2026: quem s\u00e3o os 18 &#039;Her\u00f3is do Mar&#039; no Campeonato da Europa &#8211; SAPO"},"content":{"rendered":"<ol>\n<li><a href=\"https:\/\/news.google.com\/rss\/articles\/CBMirgFBVV95cUxQUW43TUhaQ2xPTDZab2tVR1BjYXVpNERSQUZLcERRVjE4U2hEQldwdUxlMVRISlB0Um1HYkw4S0lBbDlnd3RkYXdTelF4dTVIY0xYREU3VTBiQ2NDQmZ6YUF5Q2E1NHRNcHE1WklEWS1ySHgzaWtwbFpyZ0xDOUdfb1JrTWxUV25aNVZZaDVaVVl5dk5DbnBWbUtFRE9xVUpUMnByVTNxZ09Gem5ITHc?oc=5\" target=\"_blank\" rel=\"nofollow noopener\">Euro2026: quem s\u00e3o os 18 &#8216;Her\u00f3is do Mar&#8217; no Campeonato da Europa<\/a>&nbsp;&nbsp;SAPO<\/li>\n<li><a href=\"https:\/\/news.google.com\/rss\/articles\/CBMiswFBVV95cUxOdmxrT3JkSElwZFVXWlQzQnNvQ1RJbVpxX05wVmJaQXpoUkdaRjNuZkFwR1d6ak5WYTd2czN3RzRXRl9NUXVOTDNnc1pkMUU1QjhSdFJXT1czdm14a1JDWjhTOGl3ZjEzUERGQ0VEOFJtRHcwbmNXcUFWdlBid3hUZklxLUdFX2RVN3J0cWN6SDZWNmJaeHg0bk1oRm1DQlR1ZENpZF8wWUs2WDZLcUlsN2s1TQ?oc=5\" target=\"_blank\" rel=\"nofollow noopener\">Euro2026 de Andebol. Jogadores procuram melhorar sexto lugar<\/a>&nbsp;&nbsp;RTP<\/li>\n<li><a href=\"https:\/\/news.google.com\/rss\/articles\/CBMilgFBVV95cUxPSlFubndwQUZrUFhFeXo5OVRfd2lCb3FRdGdRS1dtVHNKRC1RdkNZM2RESmxVVURGYlRJOUZ6bVNHYTRaQVJpN2hZRkJWeGc3S2RoSEc3ejBNOE5LeGJjRTFqUF9OcjlhNFhmTjdJcHRQWjIzb3pHeU45X1JxN0ZpYTdxODAwM2Qtb0tzWXBySnBkS0NwU1E?oc=5\" target=\"_blank\" rel=\"nofollow noopener\">Euro2026: o caminho de Portugal no Europeu<\/a>&nbsp;&nbsp;A Bola<\/li>\n<li><a href=\"https:\/\/news.google.com\/rss\/articles\/CBMi1AFBVV95cUxNV1hUbHpicHpYVGZPUTM1TVRzeUY2blNlVDI2SkZnTmI3bXk4Q3o2Q1g0d3BLdHN6LXdjbVVKMUtnYm5Jek1WOE9ET2lJUU5MMGVMaFBjcUJYcXd0ZlRfMEJZc0ZLczVwTzBncnhoQTZtTUxaQmxHbjU3SllOS0xGY1psOVd6b2xXcFlYMVNOdWZoOV9PcnpkaU9LNHY1ZGd5X05DWS1KVVg0aHU4QWt5SnZ1SkRsNW9nZ2Y1TENLN0p6VHpXQmNJUUk0bzZJSlU3NUtfTA?oc=5\" target=\"_blank\" rel=\"nofollow noopener\">Os Her\u00f3is do Mar v\u00e3o de &#8220;costas quentes&#8221; por mais hist\u00f3ria: o que pode fazer Portugal no Europeu de andebol<\/a>&nbsp;&nbsp;Observador<\/li>\n<li><a href=\"https:\/\/news.google.com\/rss\/articles\/CBMiqAJBVV95cUxOT2NGcG40VHphdGVvNEdlSVlSX24zVG1hUVNwMkJPR0FhbFoxS2V4ZHZMdE9BeVRSTFBKLVJSdEc4TV91c0FGcUMtNl9qM2RKbUQwWnkzQ0FIV0liS0gyZXd3M3FWRmp1azNfbEhuUklmbGZiWEtzUGZsVnRjZG8zclM2Y2I0a3ZXamNkb2RGQV9YMjlpa0FoUV9uZDROcXdUSnFIS3dMUlVYMEhkWmFZTFlkMnZxMjNsamQ5RXB1MFFRRkl5bWZYRXVfcjJmRzgtTWdsd2E0WmhzZWZicWlSLVFlMTQ0ZUhYS0pXOUtpQ3E4M1JoQWZVRU4zX2tEek9wRnJnclBLZGE4YjJsVHlEY2JSWHZrdG4waHZ3VUIxbzllNXU1T2JuVw?oc=5\" target=\"_blank\" rel=\"nofollow noopener\">A Dinamarca ainda est\u00e1 \u201centalada\u201d em Rui Silva: \u201cFicamos muito melindrados quando algo nos acontece. N\u00e3o nos achamos inferiores a ningu\u00e9m\u201d<\/a>&nbsp;&nbsp;Tribuna Expresso<\/li>\n<\/ol>\n","protected":false},"excerpt":{"rendered":"Euro2026: quem s\u00e3o os 18 &#8216;Her\u00f3is do Mar&#8217; no Campeonato da Europa&nbsp;&nbsp;SAPO Euro2026 de Andebol. Jogadores procuram melhorar&hellip;\n","protected":false},"author":2,"featured_media":230214,"comment_status":"","ping_status":"","sticky":false,"template":"","format":"standard","meta":{"footnotes":""},"categories":[87],"tags":[135,32,33,134],"class_list":{"0":"post-230213","1":"post","2":"type-post","3":"status-publish","4":"format-standard","5":"has-post-thumbnail","7":"category-desporto","8":"tag-desporto","9":"tag-portugal","10":"tag-pt","11":"tag-sports"},"share_on_mastodon":{"url":"https:\/\/pubeurope.com\/@pt\/115900164562814773","error":""},"_links":{"self":[{"href":"https:\/\/www.europesays.com\/pt\/wp-json\/wp\/v2\/posts\/230213","targetHints":{"allow":["GET"]}}],"collection":[{"href":"https:\/\/www.europesays.com\/pt\/wp-json\/wp\/v2\/posts"}],"about":[{"href":"https:\/\/www.europesays.com\/pt\/wp-json\/wp\/v2\/types\/post"}],"author":[{"embeddable":true,"href":"https:\/\/www.europesays.com\/pt\/wp-json\/wp\/v2\/users\/2"}],"replies":[{"embeddable":true,"href":"https:\/\/www.europesays.com\/pt\/wp-json\/wp\/v2\/comments?post=230213"}],"version-history":[{"count":0,"href":"https:\/\/www.europesays.com\/pt\/wp-json\/wp\/v2\/posts\/230213\/revisions"}],"wp:featuredmedia":[{"embeddable":true,"href":"https:\/\/www.europesays.com\/pt\/wp-json\/wp\/v2\/media\/230214"}],"wp:attachment":[{"href":"https:\/\/www.europesays.com\/pt\/wp-json\/wp\/v2\/media?parent=230213"}],"wp:term":[{"taxonomy":"category","embeddable":true,"href":"https:\/\/www.europesays.com\/pt\/wp-json\/wp\/v2\/categories?post=230213"},{"taxonomy":"post_tag","embeddable":true,"href":"https:\/\/www.europesays.com\/pt\/wp-json\/wp\/v2\/tags?post=230213"}],"curies":[{"name":"wp","href":"https:\/\/api.w.org\/{rel}","templated":true}]}}