{"id":230215,"date":"2026-01-15T16:55:08","date_gmt":"2026-01-15T16:55:08","guid":{"rendered":"https:\/\/www.europesays.com\/pt\/230215\/"},"modified":"2026-01-15T16:55:08","modified_gmt":"2026-01-15T16:55:08","slug":"vitamina-d-os-efeitos-da-falta-de-sol-e-do-excesso-jornalmetropolis-com-br","status":"publish","type":"post","link":"https:\/\/www.europesays.com\/pt\/230215\/","title":{"rendered":"Vitamina D: os efeitos da falta de Sol e do excesso &#8211; jornalmetropolis.com.br"},"content":{"rendered":"<ol>\n<li><a href=\"https:\/\/news.google.com\/rss\/articles\/CBMisAFBVV95cUxNdzBZa0RNaGVhbHpLSGhHeDJlaHZSRVdITWdrd3BRR3ZTSXAyaDUzRm1vY3oySm5lM28xYmVPV3VCTGppYmxUSlRyLU5sV0dlcTIxRkE5QTJzY2o4UGpoUk11Yk9xWHlnWkMtQ2RGeUVZdlR1eEI5OFdWeHRfRGNIbzV4SE9udVpONVdLc1NXZ1JYb1l3MUVRdDVFMW5jWFNyc18td0RnRmpkaTBZeEJZSQ?oc=5\" target=\"_blank\" rel=\"nofollow noopener\">Vitamina D: os efeitos da falta de Sol e do excesso<\/a>&nbsp;&nbsp;jornalmetropolis.com.br<\/li>\n<li><a href=\"https:\/\/news.google.com\/rss\/articles\/CBMiswFBVV95cUxNaTUtbFlnalZndDJVWGlFbWRtcnpmSlBJSEc2RWhaM3hrUDhRTnpweWp2LWVzczE3anREVVJQSnVvaDNhU0xNT1lMRlZISkpYUVlicjg2YWZPRUtjOXB2dzdHUUZkNzJXVlM2X2xRZ1NWUGluZk5CZTV0OGlrdXFkZEloQTlTdlY5MEJ3TU1NVkNac2ZJSDBtaEUyT3NRbTJmRFRyX0I3WV9mRldTc0Nfdzh5QQ?oc=5\" target=\"_blank\" rel=\"nofollow noopener\">Vitamina D no inverno: os benef\u00edcios que fazem a diferen\u00e7a<\/a>&nbsp;&nbsp;SIC<\/li>\n<li><a href=\"https:\/\/news.google.com\/rss\/articles\/CBMi1wFBVV95cUxNRVg2QldXNUZocWRUT2psem5ONmp2WWc2Zi1Qb0hobnpDd25jTnFGVmZhNl80MDFxSlFtRnpOcEhyMlpJeERmM2toeGlZdVpENW13VFg0Q3M4UzVxX01oRHBxcTZqNVJOVWNZSG5ZbFotRmM5VUxuRXEyM2x1MThtcTRsN0NJSEVVT1NFc0NXbkRRcHMxRVluUEpUQk8xcmVpZlUyRmR4TXFKbXd5WktObWs5STBZWW1kazhTM1hrRWdwX3hLZ0gyUEd3aUNPTmlybjBqcGN6Zw?oc=5\" target=\"_blank\" rel=\"nofollow noopener\">Ver\u00e3o \u00e9 o momento para deixar a vitamina D em dia<\/a>&nbsp;&nbsp;Terra<\/li>\n<li><a href=\"https:\/\/news.google.com\/rss\/articles\/CBMitAFBVV95cUxPbktpUENWRHFIeEtmOE1yV0VndHd0UzJTVlp3SkxlOGZWTWFPTGtNVUZPZ1ZIUG5ZUWpTb3BsNS1qMUgxczBvR21aM2hrNlRWTWpZXzh2dTBYRlBXdDQ1dzY4VHo4NllyMWNWZnV1X1Y5SC1KM2QyOFJaWkktSjM3SnBtVjc3R0MwNUljdTBTeWhPY0EwZXVURC1ISUJSRXl5Wm9Sbm9hNE5TaHhoVExsSDduUl8?oc=5\" target=\"_blank\" rel=\"nofollow noopener\">3 dicas para aumentar os seus n\u00edveis de vitamina D este inverno<\/a>&nbsp;&nbsp;Not\u00edcias ao Minuto<\/li>\n<li><a href=\"https:\/\/news.google.com\/rss\/articles\/CBMikgFBVV95cUxQUlZwVGJJWnMybG40QWk0cVNYMXQyN0s3X1RWeW5MOVQ3clBHQmxoU3JmTmRURWV2eUdUV1ZZSWRRbjlSZm5kdEpVVUtYa0JMOTB0ZXl4cWdNWGNqQUozVmtLSTdrUGxuOExlWEZKRkxib3o3bzZjWkFFTGE1OFU5OEF4Rll5b2kzNFJXZlgxMzU5QQ?oc=5\" target=\"_blank\" rel=\"nofollow noopener\">Ossos ao sol: a liga\u00e7\u00e3o entre a vitamina D e a sa\u00fade esquel\u00e9tica<\/a>&nbsp;&nbsp;radiom24.pt<\/li>\n<\/ol>\n","protected":false},"excerpt":{"rendered":"Vitamina D: os efeitos da falta de Sol e do excesso&nbsp;&nbsp;jornalmetropolis.com.br Vitamina D no inverno: os benef\u00edcios que&hellip;\n","protected":false},"author":2,"featured_media":230216,"comment_status":"","ping_status":"","sticky":false,"template":"","format":"standard","meta":{"footnotes":""},"categories":[86],"tags":[10861,36231,19220,116,32,33,117,10106],"class_list":{"0":"post-230215","1":"post","2":"type-post","3":"status-publish","4":"format-standard","5":"has-post-thumbnail","7":"category-saude","8":"tag-efeitos","9":"tag-excesso","10":"tag-falta","11":"tag-health","12":"tag-portugal","13":"tag-pt","14":"tag-saude","15":"tag-vitamina"},"share_on_mastodon":{"url":"https:\/\/pubeurope.com\/@pt\/115900168520135930","error":""},"_links":{"self":[{"href":"https:\/\/www.europesays.com\/pt\/wp-json\/wp\/v2\/posts\/230215","targetHints":{"allow":["GET"]}}],"collection":[{"href":"https:\/\/www.europesays.com\/pt\/wp-json\/wp\/v2\/posts"}],"about":[{"href":"https:\/\/www.europesays.com\/pt\/wp-json\/wp\/v2\/types\/post"}],"author":[{"embeddable":true,"href":"https:\/\/www.europesays.com\/pt\/wp-json\/wp\/v2\/users\/2"}],"replies":[{"embeddable":true,"href":"https:\/\/www.europesays.com\/pt\/wp-json\/wp\/v2\/comments?post=230215"}],"version-history":[{"count":0,"href":"https:\/\/www.europesays.com\/pt\/wp-json\/wp\/v2\/posts\/230215\/revisions"}],"wp:featuredmedia":[{"embeddable":true,"href":"https:\/\/www.europesays.com\/pt\/wp-json\/wp\/v2\/media\/230216"}],"wp:attachment":[{"href":"https:\/\/www.europesays.com\/pt\/wp-json\/wp\/v2\/media?parent=230215"}],"wp:term":[{"taxonomy":"category","embeddable":true,"href":"https:\/\/www.europesays.com\/pt\/wp-json\/wp\/v2\/categories?post=230215"},{"taxonomy":"post_tag","embeddable":true,"href":"https:\/\/www.europesays.com\/pt\/wp-json\/wp\/v2\/tags?post=230215"}],"curies":[{"name":"wp","href":"https:\/\/api.w.org\/{rel}","templated":true}]}}