{"id":230219,"date":"2026-01-15T16:58:27","date_gmt":"2026-01-15T16:58:27","guid":{"rendered":"https:\/\/www.europesays.com\/pt\/230219\/"},"modified":"2026-01-15T16:58:27","modified_gmt":"2026-01-15T16:58:27","slug":"salvador-caetano-entra-na-irlanda-com-a-aquisicao-de-um-dos-maiores-retalhistas-do-pais","status":"publish","type":"post","link":"https:\/\/www.europesays.com\/pt\/230219\/","title":{"rendered":"Salvador Caetano entra na Irlanda com a aquisi\u00e7\u00e3o de um dos maiores retalhistas do pa\u00eds"},"content":{"rendered":"<p>L\u00edder no setor autom\u00f3vel, em Portugal, e com opera\u00e7\u00f5es em 48 pa\u00edses da Europa, \u00c1frica e Am\u00e9rica do Sul, a Salvador Caetano Auto concretizou, no dia 13 de janeiro, a aquisi\u00e7\u00e3o do grupo autom\u00f3vel Cedar, um dos maiores distribuidores e retalhistas da Irlanda, passando a operar, pela primeira vez, no mercado irland\u00eas.<\/p>\n<p><a target=\"_blank\" href=\"https:\/\/pplware.sapo.pt\/wp-content\/uploads\/2025\/01\/Dacia-Sandero-Stepway-2024-2.jpg\" onclick=\"refreshIframe()\" class=\"foobox\" rel=\"nofollow noopener\"><img fetchpriority=\"high\" decoding=\"async\" src=\"https:\/\/www.europesays.com\/pt\/wp-content\/uploads\/2026\/01\/Dacia-Sandero-Stepway-2024-2-720x405.jpg\" alt=\"Dacia Sandero Stepway\" width=\"720\" height=\"405\" class=\"aligncenter size-medium wp-image-1034865\"  \/><\/a>\n<\/p>\n<p>Com quase 28.000 viaturas comercializadas em 2025, mais de 600 colaboradores e um volume de neg\u00f3cios anual pr\u00f3ximo de mil milh\u00f5es de euros, o Grupo Cedar integra, desde ontem, a Salvador Caetano.<\/p>\n<p>A sua atividade assenta na <strong>importa\u00e7\u00e3o\/distribui\u00e7\u00e3o exclusiva das marcas <a target=\"_blank\" href=\"https:\/\/pplware.sapo.pt\/tag\/renault\/\" rel=\"nofollow noopener\">Renault<\/a>, <a target=\"_blank\" href=\"https:\/\/pplware.sapo.pt\/tag\/dacia\/\" rel=\"nofollow noopener\">Dacia<\/a>, <a target=\"_blank\" href=\"https:\/\/pplware.sapo.pt\/tag\/alpine\/\" rel=\"nofollow noopener\">Alpine<\/a> e <a target=\"_blank\" href=\"https:\/\/pplware.sapo.pt\/tag\/nissan\/\" rel=\"nofollow noopener\">Nissan<\/a><\/strong>, complementada por uma extensa rede de concession\u00e1rios pr\u00f3prios dedicada a <strong>estas marcas e \u00e0 representa\u00e7\u00e3o de outras como <a target=\"_blank\" href=\"https:\/\/pplware.sapo.pt\/tag\/peugeot\/\" rel=\"nofollow noopener\">Peugeot<\/a>, <a target=\"_blank\" href=\"https:\/\/pplware.sapo.pt\/tag\/citroen\/\" rel=\"nofollow noopener\">Citro\u00ebn<\/a>, <a target=\"_blank\" href=\"https:\/\/pplware.sapo.pt\/tag\/mazda\/\" rel=\"nofollow noopener\">Mazda<\/a>, <a target=\"_blank\" href=\"https:\/\/pplware.sapo.pt\/tag\/suzuki\/\" rel=\"nofollow noopener\">Suzuki<\/a> e <a target=\"_blank\" href=\"https:\/\/pplware.sapo.pt\/tag\/opel\/\" rel=\"nofollow noopener\">Opel<\/a><\/strong>.<\/p>\n<p>O segmento de viaturas usadas assume um papel igualmente estrat\u00e9gico no portf\u00f3lio, atrav\u00e9s da marca pr\u00f3pria Windsor, suportada por uma rede de comercializa\u00e7\u00e3o s\u00f3lida e com express\u00e3o nacional.<\/p>\n<p>Com esta aquisi\u00e7\u00e3o, a equipa de gest\u00e3o mant\u00e9m-se inalterada nesta fase, continuando a orientar o desenvolvimento deste grupo.<\/p>\n<p><a target=\"_blank\" href=\"https:\/\/pplware.sapo.pt\/wp-content\/uploads\/2025\/12\/Alpine_A390GT-BleuAlpineVision-13.jpg\" onclick=\"refreshIframe()\" class=\"foobox\" rel=\"nofollow noopener\"><img loading=\"lazy\" decoding=\"async\" src=\"https:\/\/www.europesays.com\/pt\/wp-content\/uploads\/2026\/01\/Alpine_A390GT-BleuAlpineVision-13-720x405.jpg\" alt=\"Alpine A390\" width=\"720\" height=\"405\" class=\"aligncenter size-medium wp-image-1091689\"  \/><\/a><\/p>\n<p>Uma parceria que se prev\u00ea de sucesso<\/p>\n<blockquote>\n<p>\u00c9 com grande satisfa\u00e7\u00e3o que anunciamos a nossa entrada no mercado irland\u00eas e damos mais um passo na nossa expans\u00e3o internacional atrav\u00e9s da aquisi\u00e7\u00e3o do Grupo Cedar, uma plataforma estrat\u00e9gica para o nosso crescimento.<\/p>\n<\/blockquote>\n<p>Afirmou S\u00e9rgio Ribeiro, administrador-executivo e diretor-executivo da Distribui\u00e7\u00e3o Autom\u00f3vel Global da Salvador Caetano Auto, acrescentando que &#8220;o Grupo Cedar est\u00e1 plenamente alinhado com o nosso modelo de neg\u00f3cio&#8221;.<\/p>\n<blockquote>\n<p>Det\u00e9m direitos de distribui\u00e7\u00e3o s\u00f3lidos das marcas Nissan, Renault, Dacia e Alpine, opera um neg\u00f3cio de retalho autom\u00f3vel de refer\u00eancia com nove concession\u00e1rios, e \u00e9 liderado por uma equipa de gest\u00e3o altamente ambiciosa. Destacamos, em particular, o not\u00e1vel crescimento registado desde a aquisi\u00e7\u00e3o das concess\u00f5es Renault, Dacia e Alpine em 2023.<\/p>\n<\/blockquote>\n<p>Sobre a Irlanda, o executivo descreveu um pa\u00eds &#8220;din\u00e2mico e em crescimento&#8221;, destacando o seu &#8220;legado de inova\u00e7\u00e3o e excel\u00eancia&#8221;.<\/p>\n<p><a target=\"_blank\" href=\"https:\/\/pplware.sapo.pt\/wp-content\/uploads\/2025\/06\/nissan_leaf_eletrico-3.jpg\" onclick=\"refreshIframe()\" class=\"foobox\" rel=\"nofollow noopener\"><img loading=\"lazy\" decoding=\"async\" src=\"https:\/\/www.europesays.com\/pt\/wp-content\/uploads\/2025\/12\/nissan_leaf_eletrico-3-720x405.jpg\" alt=\"\" width=\"720\" height=\"405\" class=\"aligncenter size-medium wp-image-1063453\"  \/><\/a><\/p>\n<p>Segundo James McCarthy, diretor-executivo do Grupo Cedar, &#8220;esta aquisi\u00e7\u00e3o representa uma oportunidade estrat\u00e9gica para o desenvolvimento futuro do neg\u00f3cio e demonstra um reconhecimento s\u00f3lido do mercado autom\u00f3vel irland\u00eas e das marcas Nissan, Renault, Dacia e Alpine&#8221;.<\/p>\n<blockquote>\n<p>O nosso grupo passa agora a integrar um din\u00e2mico grupo autom\u00f3vel internacional, com presen\u00e7a em tr\u00eas continentes, o que nos permite beneficiar das melhores pr\u00e1ticas e de 80 anos de experi\u00eancia no setor, \u00e0 medida que continuamos a crescer e a expandir a nossa atua\u00e7\u00e3o na Irlanda.<\/p>\n<\/blockquote>\n<p>Afirmou James McCarthy, acrescentando que a Salvador Caetano partilha a sua ambi\u00e7\u00e3o de crescimento &#8220;e o compromisso de continuar a consolidar o sucesso do Grupo Cedar como o terceiro maior distribuidor da Irlanda, assim como de refor\u00e7ar a posi\u00e7\u00e3o do Grupo Windsor entre os quatro principais grupos de retalho autom\u00f3vel do pa\u00eds&#8221;.<\/p>\n","protected":false},"excerpt":{"rendered":"L\u00edder no setor autom\u00f3vel, em Portugal, e com opera\u00e7\u00f5es em 48 pa\u00edses da Europa, \u00c1frica e Am\u00e9rica do&hellip;\n","protected":false},"author":2,"featured_media":230220,"comment_status":"","ping_status":"","sticky":false,"template":"","format":"standard","meta":{"footnotes":""},"categories":[83],"tags":[88,89,90,32,33,12030],"class_list":{"0":"post-230219","1":"post","2":"type-post","3":"status-publish","4":"format-standard","5":"has-post-thumbnail","7":"category-empresas","8":"tag-business","9":"tag-economy","10":"tag-empresas","11":"tag-portugal","12":"tag-pt","13":"tag-salvador-caetano"},"share_on_mastodon":{"url":"https:\/\/pubeurope.com\/@pt\/115900180408504414","error":""},"_links":{"self":[{"href":"https:\/\/www.europesays.com\/pt\/wp-json\/wp\/v2\/posts\/230219","targetHints":{"allow":["GET"]}}],"collection":[{"href":"https:\/\/www.europesays.com\/pt\/wp-json\/wp\/v2\/posts"}],"about":[{"href":"https:\/\/www.europesays.com\/pt\/wp-json\/wp\/v2\/types\/post"}],"author":[{"embeddable":true,"href":"https:\/\/www.europesays.com\/pt\/wp-json\/wp\/v2\/users\/2"}],"replies":[{"embeddable":true,"href":"https:\/\/www.europesays.com\/pt\/wp-json\/wp\/v2\/comments?post=230219"}],"version-history":[{"count":0,"href":"https:\/\/www.europesays.com\/pt\/wp-json\/wp\/v2\/posts\/230219\/revisions"}],"wp:featuredmedia":[{"embeddable":true,"href":"https:\/\/www.europesays.com\/pt\/wp-json\/wp\/v2\/media\/230220"}],"wp:attachment":[{"href":"https:\/\/www.europesays.com\/pt\/wp-json\/wp\/v2\/media?parent=230219"}],"wp:term":[{"taxonomy":"category","embeddable":true,"href":"https:\/\/www.europesays.com\/pt\/wp-json\/wp\/v2\/categories?post=230219"},{"taxonomy":"post_tag","embeddable":true,"href":"https:\/\/www.europesays.com\/pt\/wp-json\/wp\/v2\/tags?post=230219"}],"curies":[{"name":"wp","href":"https:\/\/api.w.org\/{rel}","templated":true}]}}