{"id":230223,"date":"2026-01-15T17:00:17","date_gmt":"2026-01-15T17:00:17","guid":{"rendered":"https:\/\/www.europesays.com\/pt\/230223\/"},"modified":"2026-01-15T17:00:17","modified_gmt":"2026-01-15T17:00:17","slug":"tunel-no-centro-do-porto-fechado-a-partir-das-22-horas-desta-quinta-feira","status":"publish","type":"post","link":"https:\/\/www.europesays.com\/pt\/230223\/","title":{"rendered":"T\u00fanel no centro do Porto fechado a partir das 22 horas desta quinta-feira"},"content":{"rendered":"<p data-remotead-prev-elm=\"true\" data-remotead-elm-id=\"inread\">Na origem da interrup\u00e7\u00e3o do tr\u00e2nsito no T\u00fanel dos Almadas, mais conhecido por T\u00fanel de Ceuta, est\u00e1 a &#8220;realiza\u00e7\u00e3o de testes de integra\u00e7\u00e3o entre o controlador de tr\u00e1fego e o PLC (dispositivo eletr\u00f3nico que automatiza fluxos de tr\u00e2nsito)&#8221;, explica a C\u00e2mara do Porto.<\/p>\n<p>&#8220;Durante o per\u00edodo do condicionamento, a circula\u00e7\u00e3o vai ser permitida a todo o tr\u00e2nsito, no sentido nascente-poente, na Rua de Ceuta. Por outro lado, n\u00e3o ser\u00e1 permitida a paragem ou estacionamento de ve\u00edculos, em passeios ou outros espa\u00e7os destinados \u00e0 circula\u00e7\u00e3o pedonal. Para tanto foram providenciadas estruturas (passadi\u00e7os e\/ou veda\u00e7\u00e3o da zona de interven\u00e7\u00e3o) para a prote\u00e7\u00e3o e serventia de ve\u00edculos e pe\u00f5es, a fim de evitar poss\u00edveis danos&#8221;, acrescenta o munic\u00edpio.<\/p>\n","protected":false},"excerpt":{"rendered":"Na origem da interrup\u00e7\u00e3o do tr\u00e2nsito no T\u00fanel dos Almadas, mais conhecido por T\u00fanel de Ceuta, est\u00e1 a&hellip;\n","protected":false},"author":2,"featured_media":230224,"comment_status":"","ping_status":"","sticky":false,"template":"","format":"standard","meta":{"footnotes":""},"categories":[10],"tags":[27,28,25251,20018,15,16,14,25,26,21,22,12,13,19,20,32,23,24,33,17,18,11669,29,30,31],"class_list":{"0":"post-230223","1":"post","2":"type-post","3":"status-publish","4":"format-standard","5":"has-post-thumbnail","7":"category-portugal","8":"tag-breaking-news","9":"tag-breakingnews","10":"tag-camara-do-porto","11":"tag-concelho-porto","12":"tag-featured-news","13":"tag-featurednews","14":"tag-headlines","15":"tag-latest-news","16":"tag-latestnews","17":"tag-main-news","18":"tag-mainnews","19":"tag-news","20":"tag-noticias","21":"tag-noticias-principais","22":"tag-noticiasprincipais","23":"tag-portugal","24":"tag-principais-noticias","25":"tag-principaisnoticias","26":"tag-pt","27":"tag-top-stories","28":"tag-topstories","29":"tag-transito","30":"tag-ultimas","31":"tag-ultimas-noticias","32":"tag-ultimasnoticias"},"share_on_mastodon":{"url":"https:\/\/pubeurope.com\/@pt\/115900188149115369","error":""},"_links":{"self":[{"href":"https:\/\/www.europesays.com\/pt\/wp-json\/wp\/v2\/posts\/230223","targetHints":{"allow":["GET"]}}],"collection":[{"href":"https:\/\/www.europesays.com\/pt\/wp-json\/wp\/v2\/posts"}],"about":[{"href":"https:\/\/www.europesays.com\/pt\/wp-json\/wp\/v2\/types\/post"}],"author":[{"embeddable":true,"href":"https:\/\/www.europesays.com\/pt\/wp-json\/wp\/v2\/users\/2"}],"replies":[{"embeddable":true,"href":"https:\/\/www.europesays.com\/pt\/wp-json\/wp\/v2\/comments?post=230223"}],"version-history":[{"count":0,"href":"https:\/\/www.europesays.com\/pt\/wp-json\/wp\/v2\/posts\/230223\/revisions"}],"wp:featuredmedia":[{"embeddable":true,"href":"https:\/\/www.europesays.com\/pt\/wp-json\/wp\/v2\/media\/230224"}],"wp:attachment":[{"href":"https:\/\/www.europesays.com\/pt\/wp-json\/wp\/v2\/media?parent=230223"}],"wp:term":[{"taxonomy":"category","embeddable":true,"href":"https:\/\/www.europesays.com\/pt\/wp-json\/wp\/v2\/categories?post=230223"},{"taxonomy":"post_tag","embeddable":true,"href":"https:\/\/www.europesays.com\/pt\/wp-json\/wp\/v2\/tags?post=230223"}],"curies":[{"name":"wp","href":"https:\/\/api.w.org\/{rel}","templated":true}]}}