{"id":230227,"date":"2026-01-15T17:02:07","date_gmt":"2026-01-15T17:02:07","guid":{"rendered":"https:\/\/www.europesays.com\/pt\/230227\/"},"modified":"2026-01-15T17:02:07","modified_gmt":"2026-01-15T17:02:07","slug":"grave-equipe-de-henri-castelli-gera-suspeita-com-atitude-em-meio-a-internacao-do-ator","status":"publish","type":"post","link":"https:\/\/www.europesays.com\/pt\/230227\/","title":{"rendered":"GRAVE? Equipe de Henri Castelli gera suspeita com atitude em meio \u00e0 interna\u00e7\u00e3o do ator"},"content":{"rendered":"<p>\n                        Equipe de Henri Castelli intriga f\u00e3s com atitude ap\u00f3s \u00faltimos epis\u00f3dios envolvendo o ator; famoso deixou o BBB 26 ap\u00f3s crises de convuls\u00e3o\n                    <\/p>\n<ul class=\"article__header__author\">\n<li class=\"article__header__author__item\">\n                                                Por:<br \/>\n                                                                                    Renata Garre \/ Mais Novela\n                                                                        <\/li>\n<\/ul>\n<p class=\"text\">Diante dos \u00faltimos acontecimentos envolvendo <strong>Henri Castelli<\/strong>, muitos f\u00e3s est\u00e3o preocupados com o estado de sa\u00fade do ator. No entanto, um detalhe chamou aten\u00e7\u00e3o: \u00e9 que a equipe do famoso n\u00e3o tem atualizado suas redes sociais com not\u00edcias dele, nem mesmo informaram sua sa\u00edda do BBB 26.<\/p>\n<p><img loading=\"lazy\" decoding=\"async\" alt=\"Reprodu\u00e7\u00e3o\/Globo\" class=\"img-c3531599af0d76752c139886afad26dao8lzegor\" height=\"435\" src=\"https:\/\/www.europesays.com\/pt\/wp-content\/uploads\/2026\/01\/1838617084-henri-castelli-3.jpg\"  title=\"Reprodu\u00e7\u00e3o\/Globo\" width=\"774\"\/><\/p>\n<p>Reprodu\u00e7\u00e3o\/Globo<\/p>\n<p>Foto: Mais Novela<\/p>\n<p class=\"text\">Para quem n\u00e3o acompanhou, <strong>Henri Castelli <\/strong>precisou ser socorrido \u00e0s pressas e levado ao hospital ap\u00f3s sofrer uma crise convulsiva durante a Prova do L\u00edder. Depois, ele chegou a retornar ao programa, mas teve mais uma convuls\u00e3o. Sendo assim, por orienta\u00e7\u00e3o m\u00e9dica e decis\u00e3o da produ\u00e7\u00e3o, que quis preservar a integridade do participante, ele foi retirado da atra\u00e7\u00e3o global.<\/p>\n<p class=\"text\">Em uma das publica\u00e7\u00f5es de\u00a0<strong>Henri Castelli <\/strong>no Instagram, seguidores come\u00e7aram a questionar a falta de atualiza\u00e7\u00f5es sobre o estado do gal\u00e3 de 47 anos, que segue internado e sob observa\u00e7\u00e3o. &#8220;Voc\u00eas n\u00e3o passam as not\u00edcias sobre Henri?&#8221;, quis saber uma. &#8220;Eu achando a produ\u00e7\u00e3o do BBB lenta em atender ele na hora da convuls\u00e3o at\u00e9 entrar no Instagram dele e ver que at\u00e9 agora nenhum administrador falou absolutamente NADA&#8221;, pontuou outro.<\/p>\n<p class=\"text\">&#8220;Achei estranho isso, n\u00e3o s\u00f3 por esses epis\u00f3dios dele, mas antes j\u00e1 n\u00e3o postavam nada&#8221;, acrescentou uma terceira. Por outro lado, alguns acreditam que a equipe n\u00e3o esteja tendo informa\u00e7\u00f5es o suficiente. &#8220;T\u00f4 achando que nem eles tem not\u00edcias direito&#8221;, lamentou uma admiradora.<\/p>\n<blockquote class=\"instagram-media\" data-instgrm-captioned=\"\" data-instgrm-permalink=\"https:\/\/www.instagram.com\/reel\/DTeIinckas6\/?utm_source=ig_embed&amp;utm_campaign=loading\" data-instgrm-version=\"14\" style=\"background: #FFF; border: 0; border-radius: 3px; box-shadow: 0 0 1px 0 rgba(0,0,0,0.5),0 1px 10px 0 rgba(0,0,0,0.15); margin: 1px; max-width: 540px; min-width: 326px; padding: 0; width: calc(100% - 2px);\">\n<p>     Ver essa foto no Instagram <\/p>\n<p class=\"text\" style=\"color: #c9c8cd; font-family: Arial,sans-serif; font-size: 14px; line-height: 17px; margin-bottom: 0; margin-top: 8px; overflow: hidden; padding: 8px 0 7px; text-align: center; text-overflow: ellipsis; white-space: nowrap;\"><a href=\"https:\/\/www.instagram.com\/reel\/DTeIinckas6\/?utm_source=ig_embed&amp;utm_campaign=loading\" rel=\"noopener nofollow\" style=\"color: #c9c8cd; font-family: Arial,sans-serif; font-size: 14px; font-style: normal; font-weight: normal; line-height: 17px; text-decoration: none;\" target=\"_blank\">Um post compartilhado por Henri Castelli (@henricastelli)<\/a><\/p>\n<\/blockquote>\n<p>                            <script async src=\"\/\/www.instagram.com\/embed.js\"><\/script><\/p>\n","protected":false},"excerpt":{"rendered":"Equipe de Henri Castelli intriga f\u00e3s com atitude ap\u00f3s \u00faltimos epis\u00f3dios envolvendo o ator; famoso deixou o BBB&hellip;\n","protected":false},"author":2,"featured_media":230228,"comment_status":"","ping_status":"","sticky":false,"template":"","format":"standard","meta":{"footnotes":""},"categories":[145],"tags":[211,210,114,115,32,33],"class_list":{"0":"post-230227","1":"post","2":"type-post","3":"status-publish","4":"format-standard","5":"has-post-thumbnail","7":"category-celebridades","8":"tag-celebridades","9":"tag-celebrities","10":"tag-entertainment","11":"tag-entretenimento","12":"tag-portugal","13":"tag-pt"},"share_on_mastodon":{"url":"https:\/\/pubeurope.com\/@pt\/115900195966645460","error":""},"_links":{"self":[{"href":"https:\/\/www.europesays.com\/pt\/wp-json\/wp\/v2\/posts\/230227","targetHints":{"allow":["GET"]}}],"collection":[{"href":"https:\/\/www.europesays.com\/pt\/wp-json\/wp\/v2\/posts"}],"about":[{"href":"https:\/\/www.europesays.com\/pt\/wp-json\/wp\/v2\/types\/post"}],"author":[{"embeddable":true,"href":"https:\/\/www.europesays.com\/pt\/wp-json\/wp\/v2\/users\/2"}],"replies":[{"embeddable":true,"href":"https:\/\/www.europesays.com\/pt\/wp-json\/wp\/v2\/comments?post=230227"}],"version-history":[{"count":0,"href":"https:\/\/www.europesays.com\/pt\/wp-json\/wp\/v2\/posts\/230227\/revisions"}],"wp:featuredmedia":[{"embeddable":true,"href":"https:\/\/www.europesays.com\/pt\/wp-json\/wp\/v2\/media\/230228"}],"wp:attachment":[{"href":"https:\/\/www.europesays.com\/pt\/wp-json\/wp\/v2\/media?parent=230227"}],"wp:term":[{"taxonomy":"category","embeddable":true,"href":"https:\/\/www.europesays.com\/pt\/wp-json\/wp\/v2\/categories?post=230227"},{"taxonomy":"post_tag","embeddable":true,"href":"https:\/\/www.europesays.com\/pt\/wp-json\/wp\/v2\/tags?post=230227"}],"curies":[{"name":"wp","href":"https:\/\/api.w.org\/{rel}","templated":true}]}}