{"id":230234,"date":"2026-01-15T17:10:10","date_gmt":"2026-01-15T17:10:10","guid":{"rendered":"https:\/\/www.europesays.com\/pt\/230234\/"},"modified":"2026-01-15T17:10:10","modified_gmt":"2026-01-15T17:10:10","slug":"os-sintomas-silenciosos-da-gordura-no-figado-alerta-endocrinologista","status":"publish","type":"post","link":"https:\/\/www.europesays.com\/pt\/230234\/","title":{"rendered":"Os sintomas silenciosos da gordura no f\u00edgado, alerta endocrinologista"},"content":{"rendered":"<p>A esteatose hep\u00e1tica ou f\u00edgado gordo \u00e9 uma doen\u00e7a frequentemente ligada \u00e0 obesidade e diabetes e que se caracteriza pela acumula\u00e7\u00e3o de gordura em excesso no f\u00edgado.<\/p>\n<p>Segundo o jornal Metr\u00f3poles, esta uma doen\u00e7a silenciosa, sendo que h\u00e1 pessoas que podem viver anos com ela sem dar por isso.\u00a0<\/p>\n<p>De acordo com a endocrinologista Mar\u00edlia Bortolotto, membro da Sociedade Brasileira de Endocrinologia e Metabologia (SBEM), o facto da doen\u00e7a ser silenciosa n\u00e3o faz com quem seja menos inofensiva.\u00a0<\/p>\n<p>&#8220;A gordura no f\u00edgado pode evoluir sem causar sintomas por muito tempo. Quando a inflama\u00e7\u00e3o aparece, o \u00f3rg\u00e3o j\u00e1 pode estar comprometido&#8221;, real\u00e7ou a m\u00e9dica.<\/p>\n<p>Sintomas de gordura no f\u00edgado:\u00a0<\/p>\n<p>&#8211; Dor na zona abdominal<br \/>&#8211; Cansa\u00e7o<br \/>&#8211; Fraqueza<br \/>&#8211; Perda de apetite<br \/>&#8211; Aumento do f\u00edgado<br \/>&#8211; Barriga inchada<br \/>&#8211; Dor de cabe\u00e7a constante<\/p>\n<p>Nas fases mais avan\u00e7adas da doen\u00e7a, a principal caracter\u00edstica \u00e9 a inflama\u00e7\u00e3o e a fibrose, que levam \u00e0 insufici\u00eancia hep\u00e1tica.\u00a0<\/p>\n<p>Neste est\u00e1gio os sintomas mais comuns a registar s\u00e3o:\u00a0<\/p>\n<p>&#8211; Fadiga<br \/>&#8211; Confus\u00e3o mental<br \/>&#8211; Ac\u00famulo anormal de l\u00edquido na zona abdominal<br \/>&#8211; Doen\u00e7as no enc\u00e9falo<br \/>&#8211; Hemorragias<br \/>&#8211; Queda no n\u00famero de plaquetas sangu\u00edneas<br \/>&#8211; Icter\u00edcia (pele e olhos amarelados)<br \/>&#8211; Fezes sem cor<br \/>&#8211; Altera\u00e7\u00f5es do sono<br \/>&#8211; Mudan\u00e7as na coagula\u00e7\u00e3o<br \/>&#8211; Incha\u00e7o dos membros inferiores<br \/>&#8211; Aumento r\u00e1pido do volume abdominal<\/p>\n<p>                                                    Quais as causas de gordura no f\u00edgado?<\/p>\n<p>Segundo a endocrinologista existem duas formas de esteatose hep\u00e1tica: a primeira \u00e9 provocada pelo consumo excessivo de \u00e1lcool e a segunda por um estilo de vida pouco saud\u00e1vel.\u00a0<\/p>\n<p>H\u00e1 ainda outras causas a assinalar:<\/p>\n<p>&#8211; Obesidade<br \/>&#8211; Gravidez<br \/>&#8211; Sedentarismo<br \/>&#8211; Diabetes<br \/>&#8211; M\u00e1 alimenta\u00e7\u00e3o<br \/>&#8211; Colesterol alto<br \/>&#8211; Press\u00e3o alta<br \/>&#8211; Perda ou ganho muito r\u00e1pido de peso<br \/>&#8211; Inflama\u00e7\u00f5es cr\u00f3nicas no f\u00edgado\u00a0<\/p>\n<p>                                                    Quais os tratamentos para a gordura no f\u00edgado?<\/p>\n<p>Segundo o website do grupo Lus\u00edadas, &#8220;a melhor forma de prevenir a esteatose hep\u00e1tica e as suas consequ\u00eancias \u00e9 evitar os fatores de risco, principalmente o peso a mais&#8221;. Assim o recomendado \u00e9 adotar uma dieta saud\u00e1vel, com restri\u00e7\u00e3o de a\u00e7\u00facares e pr\u00e1tica de exerc\u00edcio f\u00edsico.\u00a0<\/p>\n<p>                                                    <img decoding=\"async\" height=\"640\" with=\"360\" src=\"https:\/\/www.europesays.com\/pt\/wp-content\/uploads\/2026\/01\/naom_695e95a1babc1.jpg\" border=\"0\" alt=\"Cuidado com o seu f\u00edgado! Esta alimenta\u00e7\u00e3o pode aumentar risco de cancro\"\/><\/p>\n<p>Uma dieta rica em gordura a longo prazo pode desencadear altera\u00e7\u00f5es biol\u00f3gicas no f\u00edgado que aumentam o risco de cancro, de acordo com uma pesquisa do Massachusetts Institute of Technology (MIT).<\/p>\n<p>                                                     Mariline Direito Rodrigues | 07:04 &#8211; 08\/01\/2026 <\/p>\n","protected":false},"excerpt":{"rendered":"A esteatose hep\u00e1tica ou f\u00edgado gordo \u00e9 uma doen\u00e7a frequentemente ligada \u00e0 obesidade e diabetes e que se&hellip;\n","protected":false},"author":2,"featured_media":230235,"comment_status":"","ping_status":"","sticky":false,"template":"","format":"standard","meta":{"footnotes":""},"categories":[86],"tags":[116,32,33,117],"class_list":{"0":"post-230234","1":"post","2":"type-post","3":"status-publish","4":"format-standard","5":"has-post-thumbnail","7":"category-saude","8":"tag-health","9":"tag-portugal","10":"tag-pt","11":"tag-saude"},"share_on_mastodon":{"url":"https:\/\/pubeurope.com\/@pt\/115900227503766233","error":""},"_links":{"self":[{"href":"https:\/\/www.europesays.com\/pt\/wp-json\/wp\/v2\/posts\/230234","targetHints":{"allow":["GET"]}}],"collection":[{"href":"https:\/\/www.europesays.com\/pt\/wp-json\/wp\/v2\/posts"}],"about":[{"href":"https:\/\/www.europesays.com\/pt\/wp-json\/wp\/v2\/types\/post"}],"author":[{"embeddable":true,"href":"https:\/\/www.europesays.com\/pt\/wp-json\/wp\/v2\/users\/2"}],"replies":[{"embeddable":true,"href":"https:\/\/www.europesays.com\/pt\/wp-json\/wp\/v2\/comments?post=230234"}],"version-history":[{"count":0,"href":"https:\/\/www.europesays.com\/pt\/wp-json\/wp\/v2\/posts\/230234\/revisions"}],"wp:featuredmedia":[{"embeddable":true,"href":"https:\/\/www.europesays.com\/pt\/wp-json\/wp\/v2\/media\/230235"}],"wp:attachment":[{"href":"https:\/\/www.europesays.com\/pt\/wp-json\/wp\/v2\/media?parent=230234"}],"wp:term":[{"taxonomy":"category","embeddable":true,"href":"https:\/\/www.europesays.com\/pt\/wp-json\/wp\/v2\/categories?post=230234"},{"taxonomy":"post_tag","embeddable":true,"href":"https:\/\/www.europesays.com\/pt\/wp-json\/wp\/v2\/tags?post=230234"}],"curies":[{"name":"wp","href":"https:\/\/api.w.org\/{rel}","templated":true}]}}