{"id":230238,"date":"2026-01-15T17:12:07","date_gmt":"2026-01-15T17:12:07","guid":{"rendered":"https:\/\/www.europesays.com\/pt\/230238\/"},"modified":"2026-01-15T17:12:07","modified_gmt":"2026-01-15T17:12:07","slug":"astronautas-da-crew-11-regressam-a-terra-apos-missao-interrompida-por-um-problema-medico-ciencia","status":"publish","type":"post","link":"https:\/\/www.europesays.com\/pt\/230238\/","title":{"rendered":"Astronautas da Crew-11 regressam \u00e0 Terra ap\u00f3s miss\u00e3o interrompida por um problema m\u00e9dico &#8211; Ci\u00eancia"},"content":{"rendered":"<p>Um imprevisto com um problema de sa\u00fade na Esta\u00e7\u00e3o Espacial Internacional (ISS) obrigou a NASA a mudar os planos e a <a href=\"https:\/\/tek.sapo.pt\/noticias\/ciencia\/artigos\/crew-11-problema-de-saude-na-estacao-espacial-internacional-obriga-nasa-a-antecipar-regresso-a-terra\" rel=\"nofollow noopener\" target=\"_blank\">antecipar o regresso da Crew-11<\/a>. <strong>Ap\u00f3s uma viagem de cerca de 10 horas, a tripula\u00e7\u00e3o, composta por Zena Cardman e Mike Fincke (NASA), Kimiya Yui (JAXA) e Oleg Platonov (Roscosmos), j\u00e1 regressou \u00e0 Terra.<\/strong><\/p>\n<p><b data-stringify-type=\"bold\">N\u00e3o perca nenhuma not\u00edcia importante da atualidade de tecnologia e\u00a0<\/b><b data-stringify-type=\"bold\"><a class=\"c-link\" href=\"https:\/\/tek.sapo.pt\/\" target=\"_blank\" rel=\"noopener noreferrer nofollow\" data-stringify-link=\"https:\/\/tek.sapo.pt\/\" data-sk=\"tooltip_parent\">acompanhe tudo em tek.sapo.pt<\/a><\/b><\/p>\n<p><strong>As prepara\u00e7\u00f5es come\u00e7aram no final da semana passada, pouco depois de ser anunciada a data de regresso<\/strong>, com os astronautas a organizarem os seus pertences e a finalizarem algumas das suas experi\u00eancias cient\u00edficas. J\u00e1 no in\u00edcio desta semana, <strong>Mike Fincke <a href=\"https:\/\/www.nasa.gov\/blogs\/spacestation\/2026\/01\/12\/fincke-hands-over-station-command-crew-preps-for-wednesday-departure\/\" rel=\"nofollow noopener\" target=\"_blank\">passou o comando<\/a> da ISS ao astronauta russo Sergey Kud-Sverchkov.<\/strong><\/p>\n<p>Clique nas imagens para ver com mais detalhe                        <\/p>\n<p>Ontem, pelas 17h20 (22h20 na hora de Lisboa), a c\u00e1psula Dragon da SpaceX, que estava acoplada ao m\u00f3dulo Harmony, partiu da ISS com os quatro astronautas no interior. <strong>Horas depois, pelas 03h41 (08h41 em Lisboa), a c\u00e1psula faz o seu \u201csplashdown\u201d perto da costa da Calif\u00f3rnia.<\/strong><\/p>\n<p>Recorde-se que a Crew-11 chegou \u00e0 ISS em agosto, com o objetivo de l\u00e1 ficar por um per\u00edodo de seis meses. <strong>O regresso antecipado afirma-se como a primeira vez nos <a href=\"https:\/\/tek.sapo.pt\/noticias\/ciencia\/artigos\/estacao-espacial-internacional-25-anos-de-ciencia-que-mudaram-a-vida-na-terra\" rel=\"nofollow noopener\" target=\"_blank\">25 anos de hist\u00f3ria da ISS<\/a> que uma miss\u00e3o \u00e9 interrompida devido a um problema m\u00e9dico.<\/strong><\/p>\n<p>Por quest\u00f5es de privacidade, <strong>a NASA n\u00e3o partilhou mais detalhes sobre quem \u00e9 o astronauta afetado e qual \u00e9 o problema de sa\u00fade, tendo avan\u00e7ado apenas que o seu estado era est\u00e1vel<\/strong>.<\/p>\n<p>Anteriormente, James Polk, diretor m\u00e9dico e de sa\u00fade da NASA, j\u00e1 tinha real\u00e7ado que <b>esta n\u00e3o se tratava de uma emerg\u00eancia, mas sim de uma decis\u00e3o que era tomada por motivos de precau\u00e7\u00e3o.\u00a0<\/b><\/p>\n<p>Como explicou o respons\u00e1vel, a ISS est\u00e1 equipada com uma \u201csuite robusta\u201d de ferramentas m\u00e9dicas, mas,<b> neste caso, \u00e9 necess\u00e1ria uma avalia\u00e7\u00e3o mais completa com os recursos dispon\u00edveis na Terra.\u00a0<\/b><\/p>\n<p>Numa <a href=\"https:\/\/x.com\/NASA\/status\/2011751551895851008\" rel=\"nofollow\">confer\u00eancia de imprensa<\/a> ap\u00f3s a chegada dos astronautas, Jared Isaacman, administrador da NASA, detalhando que <strong>o astronauta afetado est\u00e1 bem e que a NASA tenciona partilhar mais detalhes sobre a sua situa\u00e7\u00e3o assim for apropriado.\u00a0<\/strong><\/p>\n<p>De acordo com o respons\u00e1vel, <strong>os membros da Crew-11 estavam em seguran\u00e7a e \u201cbem-dispostos\u201d<\/strong>, acrescentando que, depois de chegarem \u00e0 Terra, os astronautas seguiram para um conjunto de exames m\u00e9dicos de rotina.<\/p>\n<p><strong>A NASA continua a analisar que op\u00e7\u00f5es existem para antecipar o lan\u00e7amento da Crew-12.<\/strong> Jared Isaacman reiterou que a antecipa\u00e7\u00e3o <strong>n\u00e3o dever\u00e1 entrar em conflito com a miss\u00e3o lunar Artemis II<\/strong>, cuja partida est\u00e1 agora <a href=\"https:\/\/tek.sapo.pt\/noticias\/ciencia\/artigos\/passo-crucial-para-o-regresso-a-lua-antecipado-missao-artemis-ii-avanca-em-fevereiro\" rel=\"nofollow noopener\" target=\"_blank\">prevista para fevereiro<\/a>.<\/p>\n<p>Por enquanto, <strong>a tripula\u00e7\u00e3o da ISS v\u00ea-se reduzida a tr\u00eas astronautas: Chris Williams (NASA), Sergey Kud-Sverchkov e Sergei Mikaev (Roscosmos)<\/strong>, que <a href=\"https:\/\/tek.sapo.pt\/noticias\/ciencia\/artigos\/lancamentos-russos-para-a-estacao-espacial-internacional-em-risco-apos-acidente-no-cosmodromo-de-baikonur\" rel=\"nofollow noopener\" target=\"_blank\">chegaram em novembro<\/a> com uma estadia planeada de oito meses.<\/p>\n<p>Assine a\u00a0<a href=\"https:\/\/teknoticias.us15.list-manage.com\/subscribe?u=9a06a5af5e9150806abc02bae&amp;id=ef9b27090d\" target=\"_blank\" rel=\"noopener noreferrer nofollow\" data-stringify-link=\"https:\/\/teknoticias.us15.list-manage.com\/subscribe?u=9a06a5af5e9150806abc02bae&amp;id=ef9b27090d\" data-sk=\"tooltip_parent\">newsletter do TEK Not\u00edcias<\/a>\u00a0e receba todos os dias as principais not\u00edcias de tecnologia na sua caixa de correio.<\/p>\n","protected":false},"excerpt":{"rendered":"Um imprevisto com um problema de sa\u00fade na Esta\u00e7\u00e3o Espacial Internacional (ISS) obrigou a NASA a mudar os&hellip;\n","protected":false},"author":2,"featured_media":230239,"comment_status":"","ping_status":"","sticky":false,"template":"","format":"standard","meta":{"footnotes":""},"categories":[84],"tags":[109,107,108,32,33,105,103,104,106,110],"class_list":{"0":"post-230238","1":"post","2":"type-post","3":"status-publish","4":"format-standard","5":"has-post-thumbnail","7":"category-ciencia-e-tecnologia","8":"tag-ciencia","9":"tag-ciencia-e-tecnologia","10":"tag-cienciaetecnologia","11":"tag-portugal","12":"tag-pt","13":"tag-science","14":"tag-science-and-technology","15":"tag-scienceandtechnology","16":"tag-technology","17":"tag-tecnologia"},"share_on_mastodon":{"url":"https:\/\/pubeurope.com\/@pt\/115900235495437937","error":""},"_links":{"self":[{"href":"https:\/\/www.europesays.com\/pt\/wp-json\/wp\/v2\/posts\/230238","targetHints":{"allow":["GET"]}}],"collection":[{"href":"https:\/\/www.europesays.com\/pt\/wp-json\/wp\/v2\/posts"}],"about":[{"href":"https:\/\/www.europesays.com\/pt\/wp-json\/wp\/v2\/types\/post"}],"author":[{"embeddable":true,"href":"https:\/\/www.europesays.com\/pt\/wp-json\/wp\/v2\/users\/2"}],"replies":[{"embeddable":true,"href":"https:\/\/www.europesays.com\/pt\/wp-json\/wp\/v2\/comments?post=230238"}],"version-history":[{"count":0,"href":"https:\/\/www.europesays.com\/pt\/wp-json\/wp\/v2\/posts\/230238\/revisions"}],"wp:featuredmedia":[{"embeddable":true,"href":"https:\/\/www.europesays.com\/pt\/wp-json\/wp\/v2\/media\/230239"}],"wp:attachment":[{"href":"https:\/\/www.europesays.com\/pt\/wp-json\/wp\/v2\/media?parent=230238"}],"wp:term":[{"taxonomy":"category","embeddable":true,"href":"https:\/\/www.europesays.com\/pt\/wp-json\/wp\/v2\/categories?post=230238"},{"taxonomy":"post_tag","embeddable":true,"href":"https:\/\/www.europesays.com\/pt\/wp-json\/wp\/v2\/tags?post=230238"}],"curies":[{"name":"wp","href":"https:\/\/api.w.org\/{rel}","templated":true}]}}