{"id":230242,"date":"2026-01-15T17:14:08","date_gmt":"2026-01-15T17:14:08","guid":{"rendered":"https:\/\/www.europesays.com\/pt\/230242\/"},"modified":"2026-01-15T17:14:08","modified_gmt":"2026-01-15T17:14:08","slug":"jogador-de-17-anos-morto-durante-protestos-no-irao-a-bola","status":"publish","type":"post","link":"https:\/\/www.europesays.com\/pt\/230242\/","title":{"rendered":"Jogador de 17 anos morto durante protestos no Ir\u00e3o &#8211; A Bola"},"content":{"rendered":"<ol>\n<li><a href=\"https:\/\/news.google.com\/rss\/articles\/CBMiogFBVV95cUxOT1Vmc2xGdndiTXo0OHI2M004cHY0MllwcjRtUUhaODBQQmxjNU9iRXZRNlYycEJJSDM4NFZ1aDZISWhxZzc5SV9wcGN3NUE2WWdYeDRuQ29IRmxWZ2piZnJlTHpGRU04NXZDWXFGZVppcUJiVkc3U1V3a1QxSE0wVXJHMHI0WXN2ZDkwZnRoNGdPQ0VrbkxfZ3Z0NEdBTlRTZVE?oc=5\" target=\"_blank\" rel=\"nofollow noopener\">Jogador de 17 anos morto durante protestos no Ir\u00e3o<\/a>&nbsp;&nbsp;A Bola<\/li>\n<li><a href=\"https:\/\/news.google.com\/rss\/articles\/CBMirgFBVV95cUxPYnd4M1VyaVdDb1o0TmxqdG5GMDdQMWhtZUkyMnJSblRaVVF4T0VIY1cyMEtwcW9EN21lekZST1pVNGFDWHY4bnBpdkJHb2pjZ3lXM1o5ZVZVNUVJT3pxckZmVXBfTmxRWFJvWXVhQnY4TFhmMmQ3Mm1uOUF5RUhUb1o3ZUJldFlnWmpmVXFlZGJnaG1xaTJYSnl1bHpQcFJIVl9QNEN5QXNma3RTRFE?oc=5\" target=\"_blank\" rel=\"nofollow noopener\">Anistia Internacional aponta &#8220;assassinatos ilegais em massa&#8221; no Ir\u00e3<\/a>&nbsp;&nbsp;CNN Brasil<\/li>\n<li><a href=\"https:\/\/news.google.com\/rss\/articles\/CBMilAFBVV95cUxQWWE0T0VTS0Nsd0MwVlRLb2FPNDBNeUtYaDBzRk9VbmtkbE9OV2RHUWgxc0YtWEFuYkN5NzNsSE5jTUEwbHg5clNkTWpZeWcxTE9DTDk1RmduT0plUlJuelhoNENTMzN4dnFjTDBGaVd6eGh6cmFGRHJfWXRMMDBweEt2UlE0YXRCN2ozTkdKOWxpZ2N2?oc=5\" target=\"_blank\" rel=\"nofollow noopener\">H\u00e1 tamb\u00e9m crist\u00e3os entre os mortos e presos nos protestos no Ir\u00e3<\/a>&nbsp;&nbsp;Vatican News<\/li>\n<li><a href=\"https:\/\/news.google.com\/rss\/articles\/CBMiigFBVV95cUxPU3pQa0h0NGNZRm0wR2NfcVl2c3d4ODk2WEt6LVQyVmdfbnl4YjdWbDh4UURGaDkyVENfQlNWdURkWWFsU0NLdXZJT0dDSG1YLVIxcVNJVEtDNGZNamVZLUs2clVMSXJMMlJicmtoRlRjeTJSckNJamNqYW5VaWxReWFsVFZGcVlFTGc?oc=5\" target=\"_blank\" rel=\"nofollow noopener\">Crist\u00e3os s\u00e3o detidos durante repress\u00e3o a protestos no Ir\u00e3<\/a>&nbsp;&nbsp;comunhao.com.br<\/li>\n<li><a href=\"https:\/\/news.google.com\/rss\/articles\/CBMikAFBVV95cUxQMmpvSVBqZnZqSWNyRXFkZE1HakZ2MVFocEIwWVU0Y1JEdmFPRFhOdmhGT09mLUROSDRSNGUzaTk2T3FDRG1RVVF6c0FxM3UycVlPUkFjZTJpOGROV3VRQVBRMkFVZUlIVzh4VFlNR2VKOGxWMW1OWUZwRnFjT2hady1vVnNRM0p0VTRIZHNmb3nSAZYBQVVfeXFMT3d1anlpTXMzckc1V1EzWnlvaXd4Mlpqb3c5cUpHUlZEY3o4cUZBRjBMYUJoY0JMOUtZS1EyVW1wVmotTW9YRWVMYVJMeDkwdG5hM0pTSmE0WjdzbU9Oa0NEOHN2a0MwX0d1Z2NTOTJQZnBWTnIzNU1RTm8waFRQNXQ4RTQ1RUxwUTV6dlh3VDV4aW9Oa0ZR?oc=5\" target=\"_blank\" rel=\"nofollow noopener\">Ex-mu\u00e7ulmanos convertidos passam a apoiar Israel e s\u00e3o presos no Ir\u00e3<\/a>&nbsp;&nbsp;Gospel+<\/li>\n<\/ol>\n","protected":false},"excerpt":{"rendered":"Jogador de 17 anos morto durante protestos no Ir\u00e3o&nbsp;&nbsp;A Bola Anistia Internacional aponta &#8220;assassinatos ilegais em massa&#8221; no&hellip;\n","protected":false},"author":2,"featured_media":230243,"comment_status":"","ping_status":"","sticky":false,"template":"","format":"standard","meta":{"footnotes":""},"categories":[50],"tags":[27,28,15,16,14,25,26,21,22,62,12,13,19,20,23,24,17,18,29,30,31,63,64,65],"class_list":{"0":"post-230242","1":"post","2":"type-post","3":"status-publish","4":"format-standard","5":"has-post-thumbnail","7":"category-mundo","8":"tag-breaking-news","9":"tag-breakingnews","10":"tag-featured-news","11":"tag-featurednews","12":"tag-headlines","13":"tag-latest-news","14":"tag-latestnews","15":"tag-main-news","16":"tag-mainnews","17":"tag-mundo","18":"tag-news","19":"tag-noticias","20":"tag-noticias-principais","21":"tag-noticiasprincipais","22":"tag-principais-noticias","23":"tag-principaisnoticias","24":"tag-top-stories","25":"tag-topstories","26":"tag-ultimas","27":"tag-ultimas-noticias","28":"tag-ultimasnoticias","29":"tag-world","30":"tag-world-news","31":"tag-worldnews"},"share_on_mastodon":{"url":"https:\/\/pubeurope.com\/@pt\/115900243191305570","error":""},"_links":{"self":[{"href":"https:\/\/www.europesays.com\/pt\/wp-json\/wp\/v2\/posts\/230242","targetHints":{"allow":["GET"]}}],"collection":[{"href":"https:\/\/www.europesays.com\/pt\/wp-json\/wp\/v2\/posts"}],"about":[{"href":"https:\/\/www.europesays.com\/pt\/wp-json\/wp\/v2\/types\/post"}],"author":[{"embeddable":true,"href":"https:\/\/www.europesays.com\/pt\/wp-json\/wp\/v2\/users\/2"}],"replies":[{"embeddable":true,"href":"https:\/\/www.europesays.com\/pt\/wp-json\/wp\/v2\/comments?post=230242"}],"version-history":[{"count":0,"href":"https:\/\/www.europesays.com\/pt\/wp-json\/wp\/v2\/posts\/230242\/revisions"}],"wp:featuredmedia":[{"embeddable":true,"href":"https:\/\/www.europesays.com\/pt\/wp-json\/wp\/v2\/media\/230243"}],"wp:attachment":[{"href":"https:\/\/www.europesays.com\/pt\/wp-json\/wp\/v2\/media?parent=230242"}],"wp:term":[{"taxonomy":"category","embeddable":true,"href":"https:\/\/www.europesays.com\/pt\/wp-json\/wp\/v2\/categories?post=230242"},{"taxonomy":"post_tag","embeddable":true,"href":"https:\/\/www.europesays.com\/pt\/wp-json\/wp\/v2\/tags?post=230242"}],"curies":[{"name":"wp","href":"https:\/\/api.w.org\/{rel}","templated":true}]}}