{"id":23025,"date":"2025-08-10T00:56:11","date_gmt":"2025-08-10T00:56:11","guid":{"rendered":"https:\/\/www.europesays.com\/pt\/23025\/"},"modified":"2025-08-10T00:56:11","modified_gmt":"2025-08-10T00:56:11","slug":"exclusivo-bombastico-a-fazenda-eva-conta-a-verdade-sobre-duarte-a-alba-novelas","status":"publish","type":"post","link":"https:\/\/www.europesays.com\/pt\/23025\/","title":{"rendered":"Exclusivo bomb\u00e1stico \u00abA Fazenda\u00bb: Eva conta a verdade sobre Duarte a Alba &#8211; Novelas"},"content":{"rendered":"<p>Em \u00abA Fazenda\u00bb, <a href=\"https:\/\/tvi.iol.pt\/novelas\/videos\/relacao-de-miro-e-leti-esta-por-um-fio\/675ae26f0cf28c51602e4612\" rel=\"nofollow noopener\" target=\"_blank\">Miro (Pedro Hossi)<\/a>\u00a0l\u00ea a mensagem que enviaram a <a href=\"https:\/\/tvi.iol.pt\/novelas\/sao-jose-correia\/dalila-carmo\/vem-ai-em-a-fazenda-crime-de-alba-e-descoberto\" rel=\"nofollow noopener\" target=\"_blank\">Alba (S\u00e3o Jos\u00e9 Correia)<\/a>, que diz que <a href=\"https:\/\/tvi.iol.pt\/novelas\/videos\/eva-e-joel-beijam-se-apaixonadamente\/6776a2000cf23e044af75c9b\" rel=\"nofollow noopener\" target=\"_blank\">Eva (Margarida Corceiro)<\/a>\u00a0pode estar envolvida no desaparecimento de <a href=\"https:\/\/tvi.iol.pt\/novelas\/videos\/vania-e-duarte-roubam-leti\/674711290cf28c51602e3c65\" rel=\"nofollow noopener\" target=\"_blank\">Duarte (Cl\u00e1udio de Castro)<\/a>\u00a0. Alba diz a Miro querer investigar essa possibilidade, precisando de ir a Angola para confrontar Eva directamente. Alba nega a Miro j\u00e1 ter falado com Eva.<\/p>\n<p><a href=\"https:\/\/tvi.iol.pt\/novelas\/videos\/miguel-poe-alba-e-duarte-na-rua\/676ea9f90cf2f130c299a80b\" rel=\"nofollow noopener\" target=\"_blank\">Miguel (Diogo Infante)<\/a>\u00a0vem despedir-se dela, com Alba a n\u00e3o resistir a dizer-lhe ter ficado satisfeita por o casamento dele com Lukenia ter acabado por ele a ter tra\u00eddo. Alba disfar\u00e7a a Miguel que veio a Angola somente para ver a fam\u00edlia. Fica a pensar tensa em Eva.<\/p>\n<p>Alba ajuda carinhosa Eva a compor o cabelo, dizendo esperar que ela lhe d\u00ea muitos sobrinhos-netos, ensombrando a dizer achar que alguma coisa muito m\u00e1 aconteceu a Duarte e pode n\u00e3o o voltar a ver. Eva disfar\u00e7a o seu comprometimento. Alba entra tensa para ver Eva, admitindo que a visita dela n\u00e3o \u00e9 de mera cortesia. Eva estaca gelada quando Alba lhe mostra a mensagem an\u00f3nima que recebeu que a implica no desaparecimento de Duarte.<\/p>\n<p>\u00a0Eva sucumbe \u00e0 press\u00e3o perante Alba a confessar-lhe por fim saber o que aconteceu a Duarte.<\/p>\n<p>\u00a0Alba olha em choque para Eva a dizer-lhe que impediu Duarte de violar novamente J\u00falia como tinha feito h\u00e1 sete anos, e acabou por empurr\u00e1-lo acidentalmente para o rio. Alba recusa-se a acreditar em Eva, come\u00e7ando a aban\u00e1-la com viol\u00eancia. Becas impede que a situa\u00e7\u00e3o se descontrole, tirando Alba dali. Eva chora arrasada sob o olhar preocupado de <a href=\"https:\/\/tvi.iol.pt\/novelas\/videos\/nadir-e-a-raptora-de-joel\/6784f7790cf23ab655363de8\" rel=\"nofollow noopener\" target=\"_blank\">Nadir (Sharam Diniz<\/a>).<\/p>\n<p>Recorde como tudo aconteceu:<\/p>\n","protected":false},"excerpt":{"rendered":"Em \u00abA Fazenda\u00bb, Miro (Pedro Hossi)\u00a0l\u00ea a mensagem que enviaram a Alba (S\u00e3o Jos\u00e9 Correia), que diz que&hellip;\n","protected":false},"author":2,"featured_media":23026,"comment_status":"","ping_status":"","sticky":false,"template":"","format":"standard","meta":{"footnotes":""},"categories":[50],"tags":[657,658,160,27,28,166,722,15,16,157,167,14,164,25,26,21,22,719,3442,62,12,13,19,20,161,158,3441,165,159,23,24,156,655,163,17,18,162,29,30,31,63,64,65],"class_list":{"0":"post-23025","1":"post","2":"type-post","3":"status-publish","4":"format-standard","5":"has-post-thumbnail","7":"category-mundo","8":"tag-a-fazenda","9":"tag-alba","10":"tag-ana-guiomar","11":"tag-breaking-news","12":"tag-breakingnews","13":"tag-cristina-ferreira","14":"tag-eva","15":"tag-featured-news","16":"tag-featurednews","17":"tag-festa-e-festa","18":"tag-ficcao","19":"tag-headlines","20":"tag-jose-fidalgo","21":"tag-latest-news","22":"tag-latestnews","23":"tag-main-news","24":"tag-mainnews","25":"tag-margarida-corceiro","26":"tag-miro","27":"tag-mundo","28":"tag-news","29":"tag-noticias","30":"tag-noticias-principais","31":"tag-noticiasprincipais","32":"tag-novelas","33":"tag-para-sempre","34":"tag-pedro-hossi","35":"tag-pedro-sousa","36":"tag-pedro-teixeira","37":"tag-principais-noticias","38":"tag-principaisnoticias","39":"tag-queridos-papas","40":"tag-sao-jose-correia","41":"tag-tiago-teotonio-pereira","42":"tag-top-stories","43":"tag-topstories","44":"tag-tvi","45":"tag-ultimas","46":"tag-ultimas-noticias","47":"tag-ultimasnoticias","48":"tag-world","49":"tag-world-news","50":"tag-worldnews"},"share_on_mastodon":{"url":"","error":""},"_links":{"self":[{"href":"https:\/\/www.europesays.com\/pt\/wp-json\/wp\/v2\/posts\/23025","targetHints":{"allow":["GET"]}}],"collection":[{"href":"https:\/\/www.europesays.com\/pt\/wp-json\/wp\/v2\/posts"}],"about":[{"href":"https:\/\/www.europesays.com\/pt\/wp-json\/wp\/v2\/types\/post"}],"author":[{"embeddable":true,"href":"https:\/\/www.europesays.com\/pt\/wp-json\/wp\/v2\/users\/2"}],"replies":[{"embeddable":true,"href":"https:\/\/www.europesays.com\/pt\/wp-json\/wp\/v2\/comments?post=23025"}],"version-history":[{"count":0,"href":"https:\/\/www.europesays.com\/pt\/wp-json\/wp\/v2\/posts\/23025\/revisions"}],"wp:featuredmedia":[{"embeddable":true,"href":"https:\/\/www.europesays.com\/pt\/wp-json\/wp\/v2\/media\/23026"}],"wp:attachment":[{"href":"https:\/\/www.europesays.com\/pt\/wp-json\/wp\/v2\/media?parent=23025"}],"wp:term":[{"taxonomy":"category","embeddable":true,"href":"https:\/\/www.europesays.com\/pt\/wp-json\/wp\/v2\/categories?post=23025"},{"taxonomy":"post_tag","embeddable":true,"href":"https:\/\/www.europesays.com\/pt\/wp-json\/wp\/v2\/tags?post=23025"}],"curies":[{"name":"wp","href":"https:\/\/api.w.org\/{rel}","templated":true}]}}