{"id":230250,"date":"2026-01-15T17:20:21","date_gmt":"2026-01-15T17:20:21","guid":{"rendered":"https:\/\/www.europesays.com\/pt\/230250\/"},"modified":"2026-01-15T17:20:21","modified_gmt":"2026-01-15T17:20:21","slug":"nova-serie-da-globo-emergencia-53-estara-em-festival-15-01-2026-outro-canal","status":"publish","type":"post","link":"https:\/\/www.europesays.com\/pt\/230250\/","title":{"rendered":"Nova s\u00e9rie da Globo, Emerg\u00eancia 53 estar\u00e1 em festival &#8211; 15\/01\/2026 &#8211; Outro Canal"},"content":{"rendered":"<p>\n<strong class=\"c-signature__location\">Aracaju <\/strong>\n<\/p>\n<p>Uma das principais apostas da <a href=\"https:\/\/www1.folha.uol.com.br\/folha-topicos\/globo\/\" rel=\"nofollow noopener\" target=\"_blank\">Globo<\/a> para 2026, a s\u00e9rie <a href=\"https:\/\/f5.folha.uol.com.br\/televisao\/2025\/12\/emilio-dantas-e-valentina-herszage-vivem-socorristas-e-prometem-serie-medica-do-ano.shtml\" rel=\"nofollow noopener\" target=\"\">&#8220;Emerg\u00eancia 53&#8221;<\/a> foi selecionada para fazer parte da programa\u00e7\u00e3o da 12\u00aa Edi\u00e7\u00e3o do Fesival de S\u00e9ries de <a href=\"https:\/\/www1.folha.uol.com.br\/folha-topicos\/berlim\/\" rel=\"nofollow noopener\" target=\"_blank\">Berlim<\/a>, dedicada a conte\u00fado seriado de todo o mundo.<\/p>\n<p>  <a href=\"https:\/\/f5.folha.uol.com.br\/colunistas\/outro-canal\/\" rel=\"nofollow noopener\" target=\"_blank\"><br \/>\n    <img decoding=\"async\" src=\"https:\/\/www.europesays.com\/pt\/wp-content\/uploads\/2025\/10\/172599691166e09f6f54fe2_1725996911_1x1_xs.jpg\" alt=\"Foto de Outro Canal\" class=\"img-responsive c-lazyload\"\/><\/p>\n<p>  <\/a><\/p>\n<p class=\"author__description\">\n    Cobre diariamente os bastidores das novelas, do telejornalismo e da m\u00eddia esportiva. Tem como titular o jornalista Gabriel Vaquer\n  <\/p>\n","protected":false},"excerpt":{"rendered":"Aracaju Uma das principais apostas da Globo para 2026, a s\u00e9rie &#8220;Emerg\u00eancia 53&#8221; foi selecionada para fazer parte&hellip;\n","protected":false},"author":2,"featured_media":230251,"comment_status":"","ping_status":"","sticky":false,"template":"","format":"standard","meta":{"footnotes":""},"categories":[142],"tags":[9407,219,211,13515,223,114,115,224,225,1747,226,753,221,220,222,32,33,2566,218,228,151,227],"class_list":{"0":"post-230250","1":"post","2":"type-post","3":"status-publish","4":"format-standard","5":"has-post-thumbnail","7":"category-tv","8":"tag-berlim","9":"tag-bichos","10":"tag-celebridades","11":"tag-central-do-brasil","12":"tag-colunistas","13":"tag-entertainment","14":"tag-entretenimento","15":"tag-estranho","16":"tag-eu-amo","17":"tag-fernanda-montenegro","18":"tag-fofices","19":"tag-globo","20":"tag-horoscopo","21":"tag-humanos","22":"tag-humor","23":"tag-portugal","24":"tag-pt","25":"tag-televiso","26":"tag-televisao","27":"tag-tudo","28":"tag-tv","29":"tag-videos"},"share_on_mastodon":{"url":"https:\/\/pubeurope.com\/@pt\/115900266774699306","error":""},"_links":{"self":[{"href":"https:\/\/www.europesays.com\/pt\/wp-json\/wp\/v2\/posts\/230250","targetHints":{"allow":["GET"]}}],"collection":[{"href":"https:\/\/www.europesays.com\/pt\/wp-json\/wp\/v2\/posts"}],"about":[{"href":"https:\/\/www.europesays.com\/pt\/wp-json\/wp\/v2\/types\/post"}],"author":[{"embeddable":true,"href":"https:\/\/www.europesays.com\/pt\/wp-json\/wp\/v2\/users\/2"}],"replies":[{"embeddable":true,"href":"https:\/\/www.europesays.com\/pt\/wp-json\/wp\/v2\/comments?post=230250"}],"version-history":[{"count":0,"href":"https:\/\/www.europesays.com\/pt\/wp-json\/wp\/v2\/posts\/230250\/revisions"}],"wp:featuredmedia":[{"embeddable":true,"href":"https:\/\/www.europesays.com\/pt\/wp-json\/wp\/v2\/media\/230251"}],"wp:attachment":[{"href":"https:\/\/www.europesays.com\/pt\/wp-json\/wp\/v2\/media?parent=230250"}],"wp:term":[{"taxonomy":"category","embeddable":true,"href":"https:\/\/www.europesays.com\/pt\/wp-json\/wp\/v2\/categories?post=230250"},{"taxonomy":"post_tag","embeddable":true,"href":"https:\/\/www.europesays.com\/pt\/wp-json\/wp\/v2\/tags?post=230250"}],"curies":[{"name":"wp","href":"https:\/\/api.w.org\/{rel}","templated":true}]}}