{"id":230257,"date":"2026-01-15T17:27:11","date_gmt":"2026-01-15T17:27:11","guid":{"rendered":"https:\/\/www.europesays.com\/pt\/230257\/"},"modified":"2026-01-15T17:27:11","modified_gmt":"2026-01-15T17:27:11","slug":"namorada-de-maycon-douglas-faz-tatuagem-de-homenagem-tal-como-renata","status":"publish","type":"post","link":"https:\/\/www.europesays.com\/pt\/230257\/","title":{"rendered":"Namorada de Maycon Douglas faz tatuagem de homenagem (tal como Renata)"},"content":{"rendered":"<p>Depois de Renata Reis, ex-namorada de Maycon Douglas, ter feito uma tatuagem de homenagem ao DJ, eis que a atual companheira resolveu fazer o mesmo.\u00a0<\/p>\n<p>Renata Reis <a href=\"https:\/\/www.noticiasaominuto.com\/fama\/2918272\/renata-reis-mostra-se-a-fazer-tatuagem-logo-apos-funeral-de-maycon\" target=\"_blank\" rel=\"noopener nofollow\">mostrou-se a tatuar<\/a> a palavra &#8220;faith&#8221; [f\u00e9] um dia depois do funeral de Mycon Douglas,\u00a0 que foi cremado em Leiria no domingo (11 de janeiro).\u00a0<\/p>\n<p>Agora foi a vez de Raquel Coelho, apontada como a namorada de Maycon \u00e0 data da sua morte, fazer uma homenagem semelhante.\u00a0<\/p>\n<p>A jovem recorreu a um tatuador para desenhar no corpo, mais concretamente no bra\u00e7o, acima do cotovelo, umas asas &#8211; iguais a um anel que o ex-concorrente do &#8220;Secret Story 8&#8221; usava.\u00a0\u00a0<\/p>\n<p>&#8220;Obrigado, Raquel Coelho, por confiares em mim e no Healing Studio para fazeres esta tatuagem com tanto significado\u2026&#8221;, disse o tatuador ao mostrar as imagens do resultado final e do anel que Maycon Douglas usava com frequ\u00eancia, inclusivamente durante a participa\u00e7\u00e3o no reality show da TVI.\u00a0<\/p>\n<blockquote class=\"instagram-media\" style=\"background: #FFF; border: 0; border-radius: 3px; box-shadow: 0 0 1px 0 rgba(0,0,0,0.5),0 1px 10px 0 rgba(0,0,0,0.15); margin: 1px; max-width: 540px; min-width: 326px; padding: 0; width: calc(100% - 2px);\" data-instgrm-permalink=\"https:\/\/www.instagram.com\/p\/DTdrLBfjjIv\/?utm_source=ig_embed&amp;utm_campaign=loading\" data-instgrm-version=\"14\"><p>&#13;<br \/>\n                                                    &#13;\n                                                    <\/p><\/blockquote>\n<p>Raquel Coelho e Maycon Douglas tinham uma rela\u00e7\u00e3o amorosa h\u00e1 relativamente pouco tempo, por\u00e9m parecem ter vivido intensamente este amo. Ap\u00f3s ter sido confirmada a morte do ex-&#8220;Secret Story&#8221;, com o corpo a ser encontrado numa praia da Nazar\u00e9 sete dias ap\u00f3s o seu desaparecimento, Raquel Coelho quebrou o sil\u00eancio com <a href=\"https:\/\/www.noticiasaominuto.com\/fama\/2915658\/suposta-namorada-de-maycon-reage-dava-tudo-para-te-poder-ter-de-volta\" target=\"_blank\" rel=\"noopener nofollow\">uma emotiva partilha<\/a> na qual declarava todo o seu amor.\u00a0<\/p>\n<p>&#8220;Dava tudo para te poder ter de volta, tudo. Para voltar atr\u00e1s no tempo e ter-te parado a tempo. Para sentir um abra\u00e7o teu, para nos rirmos \u00e0s gargalhadas os dois como s\u00f3 n\u00f3s sab\u00edamos&#8221;, escreveu a jovem, juntando \u00e0s suas palavras diversas fotografias e v\u00eddeos de momentos passados a dois.<\/p>\n<p>De acordo com informa\u00e7\u00f5es divulgadas pelo comentador Hern\u00e2ni Caralho e o jornalista Lu\u00eds Maia no programa &#8220;Casa Feliz&#8221;, da SIC, Maycon e Raquel discutiram no dia em que o DJ desapareceu &#8211; na madrugada de 31 de dezembro.<\/p>\n<p>Maycon tentou ligar \u00e0 amada antes de cometer suic\u00eddio, por\u00e9m esta n\u00e3o lhe atendeu o telefone. O jovem fez tamb\u00e9m uma chamada para a m\u00e3e com o objetivo de despedir-se.\u00a0<\/p>\n<p>                                                    <img decoding=\"async\" height=\"640\" with=\"360\" src=\"https:\/\/www.europesays.com\/pt\/wp-content\/uploads\/2026\/01\/naom_6773e90d1d0d8.jpg\" border=\"0\" alt=\"Maycon Douglas fez chamadas antes de morrer. \"\/><\/p>\n<p>O comentador Hern\u00e2ni Carvalho e o jornalista Lu\u00eds Maia fizeram uma &#8220;linha de tempo&#8221; referente ao desaparecimento e morte de Maycon Douglas. Foram revelados novos detalhes, incluindo as \u00faltimas chamadas feitas pelo ex-concorrente do &#8220;Secret Story&#8221;.<\/p>\n<p>                                                     Not\u00edcias ao Minuto | 12:54 &#8211; 14\/01\/2026 <\/p>\n<p>                                            <script async src=\"\/\/www.instagram.com\/embed.js\"><\/script><\/p>\n","protected":false},"excerpt":{"rendered":"Depois de Renata Reis, ex-namorada de Maycon Douglas, ter feito uma tatuagem de homenagem ao DJ, eis que&hellip;\n","protected":false},"author":2,"featured_media":230258,"comment_status":"","ping_status":"","sticky":false,"template":"","format":"standard","meta":{"footnotes":""},"categories":[85],"tags":[114,115,32,33],"class_list":{"0":"post-230257","1":"post","2":"type-post","3":"status-publish","4":"format-standard","5":"has-post-thumbnail","7":"category-entretenimento","8":"tag-entertainment","9":"tag-entretenimento","10":"tag-portugal","11":"tag-pt"},"share_on_mastodon":{"url":"https:\/\/pubeurope.com\/@pt\/115900294273289218","error":""},"_links":{"self":[{"href":"https:\/\/www.europesays.com\/pt\/wp-json\/wp\/v2\/posts\/230257","targetHints":{"allow":["GET"]}}],"collection":[{"href":"https:\/\/www.europesays.com\/pt\/wp-json\/wp\/v2\/posts"}],"about":[{"href":"https:\/\/www.europesays.com\/pt\/wp-json\/wp\/v2\/types\/post"}],"author":[{"embeddable":true,"href":"https:\/\/www.europesays.com\/pt\/wp-json\/wp\/v2\/users\/2"}],"replies":[{"embeddable":true,"href":"https:\/\/www.europesays.com\/pt\/wp-json\/wp\/v2\/comments?post=230257"}],"version-history":[{"count":0,"href":"https:\/\/www.europesays.com\/pt\/wp-json\/wp\/v2\/posts\/230257\/revisions"}],"wp:featuredmedia":[{"embeddable":true,"href":"https:\/\/www.europesays.com\/pt\/wp-json\/wp\/v2\/media\/230258"}],"wp:attachment":[{"href":"https:\/\/www.europesays.com\/pt\/wp-json\/wp\/v2\/media?parent=230257"}],"wp:term":[{"taxonomy":"category","embeddable":true,"href":"https:\/\/www.europesays.com\/pt\/wp-json\/wp\/v2\/categories?post=230257"},{"taxonomy":"post_tag","embeddable":true,"href":"https:\/\/www.europesays.com\/pt\/wp-json\/wp\/v2\/tags?post=230257"}],"curies":[{"name":"wp","href":"https:\/\/api.w.org\/{rel}","templated":true}]}}